{"id":9993,"date":"2024-08-26T16:40:52","date_gmt":"2024-08-26T21:40:52","guid":{"rendered":"https:\/\/www.radiointeractivo.com.mx\/?p=9993"},"modified":"2024-08-26T16:40:54","modified_gmt":"2024-08-26T21:40:54","slug":"educacion-humanista-compromiso-tangible-del-gobernador-ava-adriana-lozano","status":"publish","type":"post","link":"https:\/\/www.radiointeractivo.com.mx\/?p=9993","title":{"rendered":"Educaci\u00f3n humanista: compromiso tangible del gobernador AVA: Adriana Lozano"},"content":{"rendered":"\n<figure class=\"wp-block-image size-large\"><img loading=\"lazy\" decoding=\"async\" width=\"1024\" height=\"682\" src=\"https:\/\/www.radiointeractivo.com.mx\/wp-content\/uploads\/2024\/08\/WhatsApp-Image-2024-08-26-at-4.02.54-PM-1024x682.jpeg\" alt=\"\" class=\"wp-image-9994\" srcset=\"https:\/\/www.radiointeractivo.com.mx\/wp-content\/uploads\/2024\/08\/WhatsApp-Image-2024-08-26-at-4.02.54-PM-1024x682.jpeg 1024w, https:\/\/www.radiointeractivo.com.mx\/wp-content\/uploads\/2024\/08\/WhatsApp-Image-2024-08-26-at-4.02.54-PM-300x200.jpeg 300w, https:\/\/www.radiointeractivo.com.mx\/wp-content\/uploads\/2024\/08\/WhatsApp-Image-2024-08-26-at-4.02.54-PM-768x512.jpeg 768w, https:\/\/www.radiointeractivo.com.mx\/wp-content\/uploads\/2024\/08\/WhatsApp-Image-2024-08-26-at-4.02.54-PM-310x205.jpeg 310w, https:\/\/www.radiointeractivo.com.mx\/wp-content\/uploads\/2024\/08\/WhatsApp-Image-2024-08-26-at-4.02.54-PM.jpeg 1304w\" sizes=\"auto, (max-width: 1024px) 100vw, 1024px\" \/><\/figure>\n\n\n\n<p>Por: Agencias<\/p>\n\n\n\n<p>Matamoros, Tamaulipas.- En representaci\u00f3n del gobernador de Tamaulipas, Am\u00e9rico Villarreal Anaya, la secretaria de Finanzas del estado, Adriana Lozano Rodr\u00edguez, acudi\u00f3 a la ciudad de Matamoros para dar inicio al Ciclo Escolar 2024-2025.<\/p>\n\n\n\n<p>Frente a estudiantes, maestros y padres de familia de la Escuela Primaria Adalberto J. Arguelles, la tesorera estatal expres\u00f3: &#8220;Iniciamos este nuevo ciclo escolar con la esperanza de continuar una pol\u00edtica educativa humanista e inclusiva, en la que, sin importar el lugar, el origen o la condici\u00f3n social, todas y todos reciban una educaci\u00f3n de excelencia cient\u00edfica y con un fuerte arraigo en nuestra comunidad. Ese es el deseo y el prop\u00f3sito de nuestro gobernador, Am\u00e9rico Villarreal Anaya, quien este d\u00eda les env\u00eda un caluroso abrazo&#8221;.<\/p>\n\n\n\n<p>En el municipio de Matamoros, el Gobierno de Tamaulipas entreg\u00f3 84,605 \u00fatiles escolares y un total de 567,309 libros de texto gratuitos para ni\u00f1os, ni\u00f1as y adolescentes que este d\u00eda regresaron a sus salones de clases.<\/p>\n\n\n\n<p>Por su parte, la maestra Gloria Cruz Murillo, directora de la instituci\u00f3n educativa, agradeci\u00f3 la presencia de la titular de la Secretar\u00eda de Finanzas, a quien pidi\u00f3 externar un saludo para el gobernador Am\u00e9rico Villarreal Anaya.<\/p>\n","protected":false},"excerpt":{"rendered":"<p>Por: Agencias Matamoros, Tamaulipas.- En representaci\u00f3n del gobernador de Tamaulipas, Am\u00e9rico Villarreal Anaya, la secretaria de Finanzas del estado, Adriana Lozano Rodr\u00edguez, acudi\u00f3 a la ciudad de Matamoros para dar inicio al Ciclo Escolar 2024-2025. Frente a estudiantes, maestros y padres de familia de la Escuela Primaria Adalberto J. Arguelles, la tesorera estatal expres\u00f3: &#8220;Iniciamos &hellip;<\/p>\n","protected":false},"author":1,"featured_media":9994,"comment_status":"open","ping_status":"open","sticky":false,"template":"","format":"standard","meta":{"footnotes":""},"categories":[39],"tags":[],"class_list":["post-9993","post","type-post","status-publish","format-standard","has-post-thumbnail","","category-tamaulipas"],"_links":{"self":[{"href":"https:\/\/www.radiointeractivo.com.mx\/index.php?rest_route=\/wp\/v2\/posts\/9993","targetHints":{"allow":["GET"]}}],"collection":[{"href":"https:\/\/www.radiointeractivo.com.mx\/index.php?rest_route=\/wp\/v2\/posts"}],"about":[{"href":"https:\/\/www.radiointeractivo.com.mx\/index.php?rest_route=\/wp\/v2\/types\/post"}],"author":[{"embeddable":true,"href":"https:\/\/www.radiointeractivo.com.mx\/index.php?rest_route=\/wp\/v2\/users\/1"}],"replies":[{"embeddable":true,"href":"https:\/\/www.radiointeractivo.com.mx\/index.php?rest_route=%2Fwp%2Fv2%2Fcomments&post=9993"}],"version-history":[{"count":1,"href":"https:\/\/www.radiointeractivo.com.mx\/index.php?rest_route=\/wp\/v2\/posts\/9993\/revisions"}],"predecessor-version":[{"id":9995,"href":"https:\/\/www.radiointeractivo.com.mx\/index.php?rest_route=\/wp\/v2\/posts\/9993\/revisions\/9995"}],"wp:featuredmedia":[{"embeddable":true,"href":"https:\/\/www.radiointeractivo.com.mx\/index.php?rest_route=\/wp\/v2\/media\/9994"}],"wp:attachment":[{"href":"https:\/\/www.radiointeractivo.com.mx\/index.php?rest_route=%2Fwp%2Fv2%2Fmedia&parent=9993"}],"wp:term":[{"taxonomy":"category","embeddable":true,"href":"https:\/\/www.radiointeractivo.com.mx\/index.php?rest_route=%2Fwp%2Fv2%2Fcategories&post=9993"},{"taxonomy":"post_tag","embeddable":true,"href":"https:\/\/www.radiointeractivo.com.mx\/index.php?rest_route=%2Fwp%2Fv2%2Ftags&post=9993"}],"curies":[{"name":"wp","href":"https:\/\/api.w.org\/{rel}","templated":true}]}}