{"id":9937,"date":"2024-08-25T10:30:19","date_gmt":"2024-08-25T15:30:19","guid":{"rendered":"https:\/\/www.radiointeractivo.com.mx\/?p=9937"},"modified":"2024-08-25T10:30:20","modified_gmt":"2024-08-25T15:30:20","slug":"gobierno-municipal-realiza-con-exito-tercera-expo-regreso-a-clases-2024","status":"publish","type":"post","link":"https:\/\/www.radiointeractivo.com.mx\/?p=9937","title":{"rendered":"GOBIERNO MUNICIPAL REALIZA CON \u00c9XITO TERCERA \u201cEXPO REGRESO A CLASES 2024\u201d"},"content":{"rendered":"\n<figure class=\"wp-block-image size-large\"><img loading=\"lazy\" decoding=\"async\" width=\"1024\" height=\"683\" src=\"https:\/\/www.radiointeractivo.com.mx\/wp-content\/uploads\/2024\/08\/WhatsApp-Image-2024-08-24-at-11.47.37-AM-1024x683.jpeg\" alt=\"\" class=\"wp-image-9938\" srcset=\"https:\/\/www.radiointeractivo.com.mx\/wp-content\/uploads\/2024\/08\/WhatsApp-Image-2024-08-24-at-11.47.37-AM-1024x683.jpeg 1024w, https:\/\/www.radiointeractivo.com.mx\/wp-content\/uploads\/2024\/08\/WhatsApp-Image-2024-08-24-at-11.47.37-AM-300x200.jpeg 300w, https:\/\/www.radiointeractivo.com.mx\/wp-content\/uploads\/2024\/08\/WhatsApp-Image-2024-08-24-at-11.47.37-AM-768x512.jpeg 768w, https:\/\/www.radiointeractivo.com.mx\/wp-content\/uploads\/2024\/08\/WhatsApp-Image-2024-08-24-at-11.47.37-AM.jpeg 1525w\" sizes=\"auto, (max-width: 1024px) 100vw, 1024px\" \/><\/figure>\n\n\n\n<p>Por: Staff | #NuevoLaredo #Laredo #NLD #Tamaulipas<\/p>\n\n\n\n<p>Con una gran participaci\u00f3n por parte de los ciudadanos se llev\u00f3 a cabo la tercera edici\u00f3n de la \u201cExpo Regreso a Clases 2024\u201d en la que padres de familia tuvieron la oportunidad de comprar \u00fatiles escolares a precios accesibles.<\/p>\n\n\n\n<p>Este evento se realiz\u00f3 por dos d\u00edas en el Centro C\u00edvico al que asistieron m\u00e1s de 2 mil ciudadanos quienes adquirieron mochilas, zapatos, uniformes, art\u00edculos de papeler\u00eda entre otros.<\/p>\n\n\n\n<p>\u201cFue una gran oportunidad que brindamos como gobierno municipal para que los padres de familia encontraran todo en un solo lugar y que no les faltar\u00e1 nada este regreso a clases\u201d, mencion\u00f3 Jaime Mireles de la Cruz, director de Comercio, Empleo y Pymes<\/p>\n\n\n\n<p>El funcionario municipal destac\u00f3 que se instalaron m\u00e1s de 40 negocios que ofrecieron el 10, 15 y 20 por ciento de descuento en varios art\u00edculos, mientras que en otros crearon promociones atractivas para la ciudadan\u00eda.<\/p>\n\n\n\n<p>\u201cTuvimos una respuesta muy positiva por parte de los comerciantes y de los padres de familia, es parte del compromiso para apoyar a la poblaci\u00f3n acerc\u00e1ndoles buenos precios y tambi\u00e9n el apoyo a los emprendedores\u201d, dijo Mireles de la Cruz.<\/p>\n\n\n\n<p>Este evento se realiz\u00f3 en colaboraci\u00f3n con la C\u00e1mara Nacional de Comercio (CANACO) con m\u00e1s de 40 negocios formalmente establecidos.<\/p>\n","protected":false},"excerpt":{"rendered":"<p>Por: Staff | #NuevoLaredo #Laredo #NLD #Tamaulipas Con una gran participaci\u00f3n por parte de los ciudadanos se llev\u00f3 a cabo la tercera edici\u00f3n de la \u201cExpo Regreso a Clases 2024\u201d en la que padres de familia tuvieron la oportunidad de comprar \u00fatiles escolares a precios accesibles. Este evento se realiz\u00f3 por dos d\u00edas en el &hellip;<\/p>\n","protected":false},"author":1,"featured_media":9939,"comment_status":"open","ping_status":"open","sticky":false,"template":"","format":"standard","meta":{"footnotes":""},"categories":[38],"tags":[],"class_list":["post-9937","post","type-post","status-publish","format-standard","has-post-thumbnail","","category-nuevo-laredo"],"_links":{"self":[{"href":"https:\/\/www.radiointeractivo.com.mx\/index.php?rest_route=\/wp\/v2\/posts\/9937","targetHints":{"allow":["GET"]}}],"collection":[{"href":"https:\/\/www.radiointeractivo.com.mx\/index.php?rest_route=\/wp\/v2\/posts"}],"about":[{"href":"https:\/\/www.radiointeractivo.com.mx\/index.php?rest_route=\/wp\/v2\/types\/post"}],"author":[{"embeddable":true,"href":"https:\/\/www.radiointeractivo.com.mx\/index.php?rest_route=\/wp\/v2\/users\/1"}],"replies":[{"embeddable":true,"href":"https:\/\/www.radiointeractivo.com.mx\/index.php?rest_route=%2Fwp%2Fv2%2Fcomments&post=9937"}],"version-history":[{"count":1,"href":"https:\/\/www.radiointeractivo.com.mx\/index.php?rest_route=\/wp\/v2\/posts\/9937\/revisions"}],"predecessor-version":[{"id":9940,"href":"https:\/\/www.radiointeractivo.com.mx\/index.php?rest_route=\/wp\/v2\/posts\/9937\/revisions\/9940"}],"wp:featuredmedia":[{"embeddable":true,"href":"https:\/\/www.radiointeractivo.com.mx\/index.php?rest_route=\/wp\/v2\/media\/9939"}],"wp:attachment":[{"href":"https:\/\/www.radiointeractivo.com.mx\/index.php?rest_route=%2Fwp%2Fv2%2Fmedia&parent=9937"}],"wp:term":[{"taxonomy":"category","embeddable":true,"href":"https:\/\/www.radiointeractivo.com.mx\/index.php?rest_route=%2Fwp%2Fv2%2Fcategories&post=9937"},{"taxonomy":"post_tag","embeddable":true,"href":"https:\/\/www.radiointeractivo.com.mx\/index.php?rest_route=%2Fwp%2Fv2%2Ftags&post=9937"}],"curies":[{"name":"wp","href":"https:\/\/api.w.org\/{rel}","templated":true}]}}