{"id":9905,"date":"2024-08-22T16:52:39","date_gmt":"2024-08-22T21:52:39","guid":{"rendered":"https:\/\/www.radiointeractivo.com.mx\/?p=9905"},"modified":"2024-08-22T16:52:40","modified_gmt":"2024-08-22T21:52:40","slug":"respaldan-dif-y-sebien-afectados-por-tormenta-alberto","status":"publish","type":"post","link":"https:\/\/www.radiointeractivo.com.mx\/?p=9905","title":{"rendered":"Respaldan DIF y SEBIEN afectados por tormenta Alberto"},"content":{"rendered":"\n<figure class=\"wp-block-image size-large\"><img loading=\"lazy\" decoding=\"async\" width=\"1024\" height=\"682\" src=\"https:\/\/www.radiointeractivo.com.mx\/wp-content\/uploads\/2024\/08\/WhatsApp-Image-2024-08-22-at-2.33.54-PM-1024x682.jpeg\" alt=\"\" class=\"wp-image-9906\" srcset=\"https:\/\/www.radiointeractivo.com.mx\/wp-content\/uploads\/2024\/08\/WhatsApp-Image-2024-08-22-at-2.33.54-PM-1024x682.jpeg 1024w, https:\/\/www.radiointeractivo.com.mx\/wp-content\/uploads\/2024\/08\/WhatsApp-Image-2024-08-22-at-2.33.54-PM-300x200.jpeg 300w, https:\/\/www.radiointeractivo.com.mx\/wp-content\/uploads\/2024\/08\/WhatsApp-Image-2024-08-22-at-2.33.54-PM-768x512.jpeg 768w, https:\/\/www.radiointeractivo.com.mx\/wp-content\/uploads\/2024\/08\/WhatsApp-Image-2024-08-22-at-2.33.54-PM-1536x1023.jpeg 1536w, https:\/\/www.radiointeractivo.com.mx\/wp-content\/uploads\/2024\/08\/WhatsApp-Image-2024-08-22-at-2.33.54-PM-310x205.jpeg 310w, https:\/\/www.radiointeractivo.com.mx\/wp-content\/uploads\/2024\/08\/WhatsApp-Image-2024-08-22-at-2.33.54-PM.jpeg 1600w\" sizes=\"auto, (max-width: 1024px) 100vw, 1024px\" \/><\/figure>\n\n\n\n<p>Por: Agencias<\/p>\n\n\n\n<p>Tula, Tamaulipas.- En una intensa gira de trabajo, la presidenta del Sistema DIF Tamaulipas, Mar\u00eda de Villarreal y la secretaria de Bienestar Social de Tamaulipas, Silvia Casas Gonz\u00e1lez visitaron el municipio de Tula, para entregar apoyos sociales a las familias afectadas por la tormenta Alberto en esta zona del estado.<\/p>\n\n\n\n<p>El recorrido inici\u00f3 en la Colonia Agr\u00edcola \u201cLas Cruces\u201d de Tula donde visitaron a personas que resultaron afectadas con la destrucci\u00f3n de sus casas por las inundaciones, posteriormente se hizo entrega 15 tinacos en la escuela de este poblado como medida de apoyo a los residentes de esta zona.<\/p>\n\n\n\n<p>En la Colonia Agr\u00edcola &#8220;Las Cruces&#8221; de Tula, se entregaron tambi\u00e9n 15 viviendas construidas por j\u00f3venes voluntarios del Programa TECHO-M\u00c9XICO, en conjunto con los residentes de la regi\u00f3n, para aquellos cuyas viviendas fueron destruidas por inundaciones.<\/p>\n\n\n\n<p>En el mismo lugar, tambi\u00e9n se realiz\u00f3 la entrega de apoyos alimentarios, los cuales forman parte del programa Alimentando tu Bienestar que busca llegar a las familias m\u00e1s necesitadas, incluso en los rincones m\u00e1s remotos, contribuyendo a mejorar su calidad de vida y a reconstruir el tejido social.<\/p>\n\n\n\n<p>Posteriormente, la secretaria Casas Gonz\u00e1lez se reuni\u00f3 con 110 personas entre asistentes t\u00e9cnicos y gestores sociales del municipio de Tula, donde se afinaron temas clave como la tercera entrega de paquetes alimentarios que actualmente se lleva a cabo en todo el estado.<\/p>\n\n\n\n<p>Durante la reuni\u00f3n, la secretaria felicit\u00f3 al equipo por su esfuerzo: &#8220;\u00a1Que organizaci\u00f3n, que equipo, que manera de llegar a las personas que lo necesitan, y todo gracias a ustedes! Aqu\u00ed estamos entregando aproximadamente 4,500 despensas con la colaboraci\u00f3n de seis gestores de bienestar. Gracias por su apoyo&#8221;.<\/p>\n\n\n\n<p>Casas Gonz\u00e1lez subray\u00f3 la importancia de ampliar el alcance del programa: \u201cEl gobernador sabe que el programa emblem\u00e1tico de la Secretar\u00eda de Bienestar es Alimentando tu Bienestar y debemos llegar a quienes m\u00e1s lo necesitan\u201d.<\/p>\n\n\n\n<p>Finalmente, la gira concluy\u00f3 con una reuni\u00f3n con los gestores sociales del municipio de Jaumave.<\/p>\n\n\n\n<p>Acompa\u00f1aron a la secretaria en esta gira el subsecretario de Bienestar Social, Samuel Badillo Amador; el director regional, Juan Esteban Arratia Sep\u00falveda; y Ren\u00e9 Lara Cisneros, presidente electo de Tula, as\u00ed como Alejandro Fern\u00e1ndez, representante de Ra\u00fal Quiroga \u00c1lvarez, secretario de Recursos Hidr\u00e1ulicos para el Desarrollo Social, entre otros invitados.<\/p>\n","protected":false},"excerpt":{"rendered":"<p>Por: Agencias Tula, Tamaulipas.- En una intensa gira de trabajo, la presidenta del Sistema DIF Tamaulipas, Mar\u00eda de Villarreal y la secretaria de Bienestar Social de Tamaulipas, Silvia Casas Gonz\u00e1lez visitaron el municipio de Tula, para entregar apoyos sociales a las familias afectadas por la tormenta Alberto en esta zona del estado. El recorrido inici\u00f3 &hellip;<\/p>\n","protected":false},"author":1,"featured_media":9906,"comment_status":"open","ping_status":"open","sticky":false,"template":"","format":"standard","meta":{"footnotes":""},"categories":[39],"tags":[],"class_list":["post-9905","post","type-post","status-publish","format-standard","has-post-thumbnail","","category-tamaulipas"],"_links":{"self":[{"href":"https:\/\/www.radiointeractivo.com.mx\/index.php?rest_route=\/wp\/v2\/posts\/9905","targetHints":{"allow":["GET"]}}],"collection":[{"href":"https:\/\/www.radiointeractivo.com.mx\/index.php?rest_route=\/wp\/v2\/posts"}],"about":[{"href":"https:\/\/www.radiointeractivo.com.mx\/index.php?rest_route=\/wp\/v2\/types\/post"}],"author":[{"embeddable":true,"href":"https:\/\/www.radiointeractivo.com.mx\/index.php?rest_route=\/wp\/v2\/users\/1"}],"replies":[{"embeddable":true,"href":"https:\/\/www.radiointeractivo.com.mx\/index.php?rest_route=%2Fwp%2Fv2%2Fcomments&post=9905"}],"version-history":[{"count":1,"href":"https:\/\/www.radiointeractivo.com.mx\/index.php?rest_route=\/wp\/v2\/posts\/9905\/revisions"}],"predecessor-version":[{"id":9907,"href":"https:\/\/www.radiointeractivo.com.mx\/index.php?rest_route=\/wp\/v2\/posts\/9905\/revisions\/9907"}],"wp:featuredmedia":[{"embeddable":true,"href":"https:\/\/www.radiointeractivo.com.mx\/index.php?rest_route=\/wp\/v2\/media\/9906"}],"wp:attachment":[{"href":"https:\/\/www.radiointeractivo.com.mx\/index.php?rest_route=%2Fwp%2Fv2%2Fmedia&parent=9905"}],"wp:term":[{"taxonomy":"category","embeddable":true,"href":"https:\/\/www.radiointeractivo.com.mx\/index.php?rest_route=%2Fwp%2Fv2%2Fcategories&post=9905"},{"taxonomy":"post_tag","embeddable":true,"href":"https:\/\/www.radiointeractivo.com.mx\/index.php?rest_route=%2Fwp%2Fv2%2Ftags&post=9905"}],"curies":[{"name":"wp","href":"https:\/\/api.w.org\/{rel}","templated":true}]}}