{"id":9891,"date":"2024-08-22T14:06:58","date_gmt":"2024-08-22T19:06:58","guid":{"rendered":"https:\/\/www.radiointeractivo.com.mx\/?p=9891"},"modified":"2024-08-22T14:06:59","modified_gmt":"2024-08-22T19:06:59","slug":"inaugura-gobierno-municipal-expo-regreso-a-clases-2024","status":"publish","type":"post","link":"https:\/\/www.radiointeractivo.com.mx\/?p=9891","title":{"rendered":"INAUGURA GOBIERNO MUNICIPAL \u201cEXPO REGRESO A CLASES 2024\u201d"},"content":{"rendered":"\n<figure class=\"wp-block-image size-large\"><img loading=\"lazy\" decoding=\"async\" width=\"1024\" height=\"682\" src=\"https:\/\/www.radiointeractivo.com.mx\/wp-content\/uploads\/2024\/08\/WhatsApp-Image-2024-08-22-at-1.32.08-PM-1-1024x682.jpeg\" alt=\"\" class=\"wp-image-9892\" srcset=\"https:\/\/www.radiointeractivo.com.mx\/wp-content\/uploads\/2024\/08\/WhatsApp-Image-2024-08-22-at-1.32.08-PM-1-1024x682.jpeg 1024w, https:\/\/www.radiointeractivo.com.mx\/wp-content\/uploads\/2024\/08\/WhatsApp-Image-2024-08-22-at-1.32.08-PM-1-300x200.jpeg 300w, https:\/\/www.radiointeractivo.com.mx\/wp-content\/uploads\/2024\/08\/WhatsApp-Image-2024-08-22-at-1.32.08-PM-1-768x512.jpeg 768w, https:\/\/www.radiointeractivo.com.mx\/wp-content\/uploads\/2024\/08\/WhatsApp-Image-2024-08-22-at-1.32.08-PM-1-1536x1023.jpeg 1536w, https:\/\/www.radiointeractivo.com.mx\/wp-content\/uploads\/2024\/08\/WhatsApp-Image-2024-08-22-at-1.32.08-PM-1-310x205.jpeg 310w, https:\/\/www.radiointeractivo.com.mx\/wp-content\/uploads\/2024\/08\/WhatsApp-Image-2024-08-22-at-1.32.08-PM-1.jpeg 1600w\" sizes=\"auto, (max-width: 1024px) 100vw, 1024px\" \/><\/figure>\n\n\n\n<p>Por: Staff | #NuevoLaredo #Laredo #NLD #Tamaulipas<\/p>\n\n\n\n<p>Con la finalidad de reducir los gastos que conlleva el ciclo escolar entrante, el Gobierno Municipal, por medio de la Secretar\u00eda de Desarrollo Econ\u00f3mico, llev\u00f3 a cabo la \u201cExpo Regreso a Clases 2024\u201d, en la que participaron m\u00e1s de 45 expositores locales que ofertan diversidad de art\u00edculos con descuentos del 10% y otras promociones.<\/p>\n\n\n\n<p>Los emprendedores, a quienes se les ofreci\u00f3 un espacio dentro del Centro C\u00edvico para exponer su variedad de productos, ofertan art\u00edculos de papeler\u00eda, calzado, \u00fatiles escolares, mochilas, libros, cuadernos y dem\u00e1s.<\/p>\n\n\n\n<p>Anah\u00ed Cruz, locataria, expres\u00f3 que este tipo de actividades significan una oportunidad para los emprendedores para darse a conocer mediante el contacto directo con el p\u00fablico y por redes sociales.<\/p>\n\n\n\n<p>\u201cEs un evento en el que ganamos todos, sobre todo cuando se realizan tem\u00e1ticos porque as\u00ed todos ofertamos lo que est\u00e1 en tendencia o lo que necesita la gente en el momento, en este caso los \u00fatiles escolares y dem\u00e1s, nosotros como emprendedores no podemos desaprovechar esta oportunidad\u201d, destac\u00f3.<\/p>\n\n\n\n<p>Por su parte, Sarah\u00ed Cruz, encargada de una papeler\u00eda, invit\u00f3 a la ciudadan\u00eda a que acudan a esta expo en la que podr\u00e1n encontrar todo lo necesario de acuerdo a la lista de \u00fatiles escolares de los alumnos.<\/p>\n\n\n\n<p>\u201cTodos nos beneficiamos, nosotros porque tenemos ventas y la ciudadan\u00eda satisface sus necesidades; agradezco a la alcaldesa Carmen Lilia Canturosas por estos espacios que nos brinda y la oportunidad de crecer como negocio\u201d, manifest\u00f3.<\/p>\n\n\n\n<p>La \u201cExpo Regreso a Clases 2024\u201d estar\u00e1 disponible hoy hasta las 8:00 PM y ma\u00f1ana desde las 9:00 AM hasta las 8:00 PM, igualmente en el Centro C\u00edvico.<\/p>\n","protected":false},"excerpt":{"rendered":"<p>Por: Staff | #NuevoLaredo #Laredo #NLD #Tamaulipas Con la finalidad de reducir los gastos que conlleva el ciclo escolar entrante, el Gobierno Municipal, por medio de la Secretar\u00eda de Desarrollo Econ\u00f3mico, llev\u00f3 a cabo la \u201cExpo Regreso a Clases 2024\u201d, en la que participaron m\u00e1s de 45 expositores locales que ofertan diversidad de art\u00edculos con &hellip;<\/p>\n","protected":false},"author":1,"featured_media":9893,"comment_status":"open","ping_status":"open","sticky":false,"template":"","format":"standard","meta":{"footnotes":""},"categories":[38],"tags":[],"class_list":["post-9891","post","type-post","status-publish","format-standard","has-post-thumbnail","","category-nuevo-laredo"],"_links":{"self":[{"href":"https:\/\/www.radiointeractivo.com.mx\/index.php?rest_route=\/wp\/v2\/posts\/9891","targetHints":{"allow":["GET"]}}],"collection":[{"href":"https:\/\/www.radiointeractivo.com.mx\/index.php?rest_route=\/wp\/v2\/posts"}],"about":[{"href":"https:\/\/www.radiointeractivo.com.mx\/index.php?rest_route=\/wp\/v2\/types\/post"}],"author":[{"embeddable":true,"href":"https:\/\/www.radiointeractivo.com.mx\/index.php?rest_route=\/wp\/v2\/users\/1"}],"replies":[{"embeddable":true,"href":"https:\/\/www.radiointeractivo.com.mx\/index.php?rest_route=%2Fwp%2Fv2%2Fcomments&post=9891"}],"version-history":[{"count":1,"href":"https:\/\/www.radiointeractivo.com.mx\/index.php?rest_route=\/wp\/v2\/posts\/9891\/revisions"}],"predecessor-version":[{"id":9894,"href":"https:\/\/www.radiointeractivo.com.mx\/index.php?rest_route=\/wp\/v2\/posts\/9891\/revisions\/9894"}],"wp:featuredmedia":[{"embeddable":true,"href":"https:\/\/www.radiointeractivo.com.mx\/index.php?rest_route=\/wp\/v2\/media\/9893"}],"wp:attachment":[{"href":"https:\/\/www.radiointeractivo.com.mx\/index.php?rest_route=%2Fwp%2Fv2%2Fmedia&parent=9891"}],"wp:term":[{"taxonomy":"category","embeddable":true,"href":"https:\/\/www.radiointeractivo.com.mx\/index.php?rest_route=%2Fwp%2Fv2%2Fcategories&post=9891"},{"taxonomy":"post_tag","embeddable":true,"href":"https:\/\/www.radiointeractivo.com.mx\/index.php?rest_route=%2Fwp%2Fv2%2Ftags&post=9891"}],"curies":[{"name":"wp","href":"https:\/\/api.w.org\/{rel}","templated":true}]}}