{"id":9880,"date":"2024-08-22T13:20:17","date_gmt":"2024-08-22T18:20:17","guid":{"rendered":"https:\/\/www.radiointeractivo.com.mx\/?p=9880"},"modified":"2024-08-22T13:20:19","modified_gmt":"2024-08-22T18:20:19","slug":"conmemora-gobierno-municipal-dia-del-bombero-con-emotivo-reconocimiento-a-elementos-de-nuevo-laredo","status":"publish","type":"post","link":"https:\/\/www.radiointeractivo.com.mx\/?p=9880","title":{"rendered":"CONMEMORA GOBIERNO MUNICIPAL D\u00cdA DEL BOMBERO CON EMOTIVO RECONOCIMIENTO A ELEMENTOS DE NUEVO LAREDO"},"content":{"rendered":"\n<figure class=\"wp-block-image size-large\"><img loading=\"lazy\" decoding=\"async\" width=\"1024\" height=\"682\" src=\"https:\/\/www.radiointeractivo.com.mx\/wp-content\/uploads\/2024\/08\/WhatsApp-Image-2024-08-22-at-12.55.57-PM-1024x682.jpeg\" alt=\"\" class=\"wp-image-9881\" srcset=\"https:\/\/www.radiointeractivo.com.mx\/wp-content\/uploads\/2024\/08\/WhatsApp-Image-2024-08-22-at-12.55.57-PM-1024x682.jpeg 1024w, https:\/\/www.radiointeractivo.com.mx\/wp-content\/uploads\/2024\/08\/WhatsApp-Image-2024-08-22-at-12.55.57-PM-300x200.jpeg 300w, https:\/\/www.radiointeractivo.com.mx\/wp-content\/uploads\/2024\/08\/WhatsApp-Image-2024-08-22-at-12.55.57-PM-768x512.jpeg 768w, https:\/\/www.radiointeractivo.com.mx\/wp-content\/uploads\/2024\/08\/WhatsApp-Image-2024-08-22-at-12.55.57-PM-1536x1023.jpeg 1536w, https:\/\/www.radiointeractivo.com.mx\/wp-content\/uploads\/2024\/08\/WhatsApp-Image-2024-08-22-at-12.55.57-PM-310x205.jpeg 310w, https:\/\/www.radiointeractivo.com.mx\/wp-content\/uploads\/2024\/08\/WhatsApp-Image-2024-08-22-at-12.55.57-PM.jpeg 1600w\" sizes=\"auto, (max-width: 1024px) 100vw, 1024px\" \/><\/figure>\n\n\n\n<p>Por: Staff | #NuevoLaredo #Laredo #NLD #Tamaulipas<\/p>\n\n\n\n<p>El Gobierno Municipal celebr\u00f3 al heroico cuerpo de Bomberos de Nuevo Laredo, para conmemorar su d\u00eda.<\/p>\n\n\n\n<p>En medio de una emotiva ceremonia, autoridades municipales reconocieron la trayectoria de los integrantes con m\u00e1s tiempo dentro de la corporaci\u00f3n, as\u00ed como elementos destacados y voluntarios que han colaborado con la direcci\u00f3n en la atenci\u00f3n de emergencias.<\/p>\n\n\n\n<p>El secretario del Ayuntamiento, Juan \u00c1ngel Mart\u00ednez Salazar, felicit\u00f3 al heroico cuerpo de bomberos por la labor que realizan, entrega, por su vocaci\u00f3n de servicio y por el tiempo de servicio dedicado a la ciudad.<\/p>\n\n\n\n<p>\u201cReconocemos su valor, celebramos su dedicaci\u00f3n y honramos su esp\u00edritu altruista; ustedes son un ejemplo para todos nosotros, inspir\u00e1ndonos a ser mejores ciudadanos y a contribuir de manera positiva a nuestra comunidad\u201d, coment\u00f3 el funcionario.<\/p>\n\n\n\n<p>Se\u00f1al\u00f3 que la alcaldesa Carmen Lilia Canturosas Villarreal, siempre est\u00e1 al pendiente de que dicha corporaci\u00f3n cuente con lo necesario para desempe\u00f1ar eficientemente su labor en beneficio del ciudadano.<\/p>\n\n\n\n<p>Por otro lado en este festejo se entreg\u00f3 a la corporaci\u00f3n una ambulancia nueva Ford TRANSIT VAN 2024 con equipamiento completo, 90 playeras para bomberos y param\u00e9dicos, dos camillas y dos monitores.<\/p>\n\n\n\n<p>Tambi\u00e9n fueron donadas por la ciudad de Laredo, Texas, una apagadora con capacidad de 3 mil 200 litros y una ambulancia Freightliner tipo B completamente equipada.<\/p>\n\n\n\n<p>Durante la administraci\u00f3n y por indicaciones de la presidenta municipal Carmen Lilia Canturosas se realiz\u00f3 un incremento al sueldo de los bomberos por su destacable labor.<\/p>\n\n\n\n<p>En este evento la regidora Mariza Z\u00e1rate Flores, presidenta de la Comisi\u00f3n de Protecci\u00f3n a los Animales entreg\u00f3 un reconocimiento especial a los elementos de Protecci\u00f3n Civil y Bomberos por atender el llamado del Consejo Municipal de Salud Animal (COMUSA) para rescatar animales del maltrato.<\/p>\n\n\n\n<p>En este evento estuvieron presentes: Humberto Fern\u00e1ndez Diez de Pinos, director de Protecci\u00f3n Civil y Bomberos; Lino Guadalupe Sosa, coordinador de Bomberos; Daniel Rodr\u00edguez Gonz\u00e1lez, Integrante Destacado del Heroico Cuerpo de Bomberos; Carlos Manuel Grageda Torres, regidor y presidente de la Comisi\u00f3n de Protecci\u00f3n Civil y Bomberos; s\u00edndicos y regidores; directores y secretarios.<\/p>\n","protected":false},"excerpt":{"rendered":"<p>Por: Staff | #NuevoLaredo #Laredo #NLD #Tamaulipas El Gobierno Municipal celebr\u00f3 al heroico cuerpo de Bomberos de Nuevo Laredo, para conmemorar su d\u00eda. En medio de una emotiva ceremonia, autoridades municipales reconocieron la trayectoria de los integrantes con m\u00e1s tiempo dentro de la corporaci\u00f3n, as\u00ed como elementos destacados y voluntarios que han colaborado con la &hellip;<\/p>\n","protected":false},"author":1,"featured_media":9882,"comment_status":"open","ping_status":"open","sticky":false,"template":"","format":"standard","meta":{"footnotes":""},"categories":[38],"tags":[],"class_list":["post-9880","post","type-post","status-publish","format-standard","has-post-thumbnail","","category-nuevo-laredo"],"_links":{"self":[{"href":"https:\/\/www.radiointeractivo.com.mx\/index.php?rest_route=\/wp\/v2\/posts\/9880","targetHints":{"allow":["GET"]}}],"collection":[{"href":"https:\/\/www.radiointeractivo.com.mx\/index.php?rest_route=\/wp\/v2\/posts"}],"about":[{"href":"https:\/\/www.radiointeractivo.com.mx\/index.php?rest_route=\/wp\/v2\/types\/post"}],"author":[{"embeddable":true,"href":"https:\/\/www.radiointeractivo.com.mx\/index.php?rest_route=\/wp\/v2\/users\/1"}],"replies":[{"embeddable":true,"href":"https:\/\/www.radiointeractivo.com.mx\/index.php?rest_route=%2Fwp%2Fv2%2Fcomments&post=9880"}],"version-history":[{"count":1,"href":"https:\/\/www.radiointeractivo.com.mx\/index.php?rest_route=\/wp\/v2\/posts\/9880\/revisions"}],"predecessor-version":[{"id":9883,"href":"https:\/\/www.radiointeractivo.com.mx\/index.php?rest_route=\/wp\/v2\/posts\/9880\/revisions\/9883"}],"wp:featuredmedia":[{"embeddable":true,"href":"https:\/\/www.radiointeractivo.com.mx\/index.php?rest_route=\/wp\/v2\/media\/9882"}],"wp:attachment":[{"href":"https:\/\/www.radiointeractivo.com.mx\/index.php?rest_route=%2Fwp%2Fv2%2Fmedia&parent=9880"}],"wp:term":[{"taxonomy":"category","embeddable":true,"href":"https:\/\/www.radiointeractivo.com.mx\/index.php?rest_route=%2Fwp%2Fv2%2Fcategories&post=9880"},{"taxonomy":"post_tag","embeddable":true,"href":"https:\/\/www.radiointeractivo.com.mx\/index.php?rest_route=%2Fwp%2Fv2%2Ftags&post=9880"}],"curies":[{"name":"wp","href":"https:\/\/api.w.org\/{rel}","templated":true}]}}