{"id":9861,"date":"2024-08-21T13:37:28","date_gmt":"2024-08-21T18:37:28","guid":{"rendered":"https:\/\/www.radiointeractivo.com.mx\/?p=9861"},"modified":"2024-08-21T13:37:29","modified_gmt":"2024-08-21T18:37:29","slug":"lleva-cineteca-tamaulipas-una-tarde-de-cine-y-convivencia-a-la-casa-del-adulto-mayor","status":"publish","type":"post","link":"https:\/\/www.radiointeractivo.com.mx\/?p=9861","title":{"rendered":"Lleva Cineteca Tamaulipas una tarde de cine y convivencia a la Casa del Adulto Mayor"},"content":{"rendered":"\n<figure class=\"wp-block-image size-large\"><img loading=\"lazy\" decoding=\"async\" width=\"1024\" height=\"768\" src=\"https:\/\/www.radiointeractivo.com.mx\/wp-content\/uploads\/2024\/08\/WhatsApp-Image-2024-08-21-at-1.11.12-PM-1024x768.jpeg\" alt=\"\" class=\"wp-image-9862\" srcset=\"https:\/\/www.radiointeractivo.com.mx\/wp-content\/uploads\/2024\/08\/WhatsApp-Image-2024-08-21-at-1.11.12-PM-1024x768.jpeg 1024w, https:\/\/www.radiointeractivo.com.mx\/wp-content\/uploads\/2024\/08\/WhatsApp-Image-2024-08-21-at-1.11.12-PM-300x225.jpeg 300w, https:\/\/www.radiointeractivo.com.mx\/wp-content\/uploads\/2024\/08\/WhatsApp-Image-2024-08-21-at-1.11.12-PM-768x576.jpeg 768w, https:\/\/www.radiointeractivo.com.mx\/wp-content\/uploads\/2024\/08\/WhatsApp-Image-2024-08-21-at-1.11.12-PM-1536x1152.jpeg 1536w, https:\/\/www.radiointeractivo.com.mx\/wp-content\/uploads\/2024\/08\/WhatsApp-Image-2024-08-21-at-1.11.12-PM.jpeg 1600w\" sizes=\"auto, (max-width: 1024px) 100vw, 1024px\" \/><\/figure>\n\n\n\n<p>Por: Agencias<\/p>\n\n\n\n<p>Ciudad Victoria, Tamaulipas.- Como parte de la Semana de Actividades Culturales para conmemorar el D\u00eda del Adulto Mayor del DIF Tamaulipas, la Cineteca Tamaulipas llev\u00f3 el s\u00e9ptimo arte a la Casa del Adulto Mayor, donde se proyect\u00f3 la aclamada pel\u00edcula &#8220;El tigre y la nieve&#8221; (2005), dirigida por Roberto Benigni. La actividad reuni\u00f3 a los asistentes en una tarde llena de emociones y reflexi\u00f3n, en un ambiente de calidez y convivencia.<\/p>\n\n\n\n<p>En el gobierno de Am\u00e9rico Villarreal Anaya, la inclusi\u00f3n es una piedra angular. Es por eso que el Instituto Tamaulipeco para la Cultura y las Artes se suma a este evento, que destaca como un ejemplo de c\u00f3mo se est\u00e1n promoviendo espacios de integraci\u00f3n y participaci\u00f3n cultural para todos los sectores de la sociedad. Llevar el cine a los adultos mayores no solo ofrece entretenimiento, sino que tambi\u00e9n celebra su importancia en nuestra comunidad, fomentando el acceso a la cultura y el arte, declar\u00f3 la encargada de la Cineteca, Elizabeth Bernal Garc\u00eda.<\/p>\n\n\n\n<p>La proyecci\u00f3n de &#8220;El tigre y la nieve&#8221; el pasado 20 de agosto fue un \u00e9xito, dejando en los asistentes una grata experiencia cinematogr\u00e1fica que refuerza el compromiso del gobierno con la inclusi\u00f3n y el bienestar de los adultos mayores.<\/p>\n","protected":false},"excerpt":{"rendered":"<p>Por: Agencias Ciudad Victoria, Tamaulipas.- Como parte de la Semana de Actividades Culturales para conmemorar el D\u00eda del Adulto Mayor del DIF Tamaulipas, la Cineteca Tamaulipas llev\u00f3 el s\u00e9ptimo arte a la Casa del Adulto Mayor, donde se proyect\u00f3 la aclamada pel\u00edcula &#8220;El tigre y la nieve&#8221; (2005), dirigida por Roberto Benigni. La actividad reuni\u00f3 &hellip;<\/p>\n","protected":false},"author":1,"featured_media":9862,"comment_status":"open","ping_status":"open","sticky":false,"template":"","format":"standard","meta":{"footnotes":""},"categories":[39],"tags":[],"class_list":["post-9861","post","type-post","status-publish","format-standard","has-post-thumbnail","","category-tamaulipas"],"_links":{"self":[{"href":"https:\/\/www.radiointeractivo.com.mx\/index.php?rest_route=\/wp\/v2\/posts\/9861","targetHints":{"allow":["GET"]}}],"collection":[{"href":"https:\/\/www.radiointeractivo.com.mx\/index.php?rest_route=\/wp\/v2\/posts"}],"about":[{"href":"https:\/\/www.radiointeractivo.com.mx\/index.php?rest_route=\/wp\/v2\/types\/post"}],"author":[{"embeddable":true,"href":"https:\/\/www.radiointeractivo.com.mx\/index.php?rest_route=\/wp\/v2\/users\/1"}],"replies":[{"embeddable":true,"href":"https:\/\/www.radiointeractivo.com.mx\/index.php?rest_route=%2Fwp%2Fv2%2Fcomments&post=9861"}],"version-history":[{"count":1,"href":"https:\/\/www.radiointeractivo.com.mx\/index.php?rest_route=\/wp\/v2\/posts\/9861\/revisions"}],"predecessor-version":[{"id":9863,"href":"https:\/\/www.radiointeractivo.com.mx\/index.php?rest_route=\/wp\/v2\/posts\/9861\/revisions\/9863"}],"wp:featuredmedia":[{"embeddable":true,"href":"https:\/\/www.radiointeractivo.com.mx\/index.php?rest_route=\/wp\/v2\/media\/9862"}],"wp:attachment":[{"href":"https:\/\/www.radiointeractivo.com.mx\/index.php?rest_route=%2Fwp%2Fv2%2Fmedia&parent=9861"}],"wp:term":[{"taxonomy":"category","embeddable":true,"href":"https:\/\/www.radiointeractivo.com.mx\/index.php?rest_route=%2Fwp%2Fv2%2Fcategories&post=9861"},{"taxonomy":"post_tag","embeddable":true,"href":"https:\/\/www.radiointeractivo.com.mx\/index.php?rest_route=%2Fwp%2Fv2%2Ftags&post=9861"}],"curies":[{"name":"wp","href":"https:\/\/api.w.org\/{rel}","templated":true}]}}