{"id":9857,"date":"2024-08-21T13:24:29","date_gmt":"2024-08-21T18:24:29","guid":{"rendered":"https:\/\/www.radiointeractivo.com.mx\/?p=9857"},"modified":"2024-08-21T13:24:30","modified_gmt":"2024-08-21T18:24:30","slug":"sostiene-americo-encuentro-con-migrantes-tamaulipecos-en-houston","status":"publish","type":"post","link":"https:\/\/www.radiointeractivo.com.mx\/?p=9857","title":{"rendered":"Sostiene Am\u00e9rico encuentro con migrantes tamaulipecos en Houston"},"content":{"rendered":"\n<figure class=\"wp-block-image size-large\"><img loading=\"lazy\" decoding=\"async\" width=\"1024\" height=\"682\" src=\"https:\/\/www.radiointeractivo.com.mx\/wp-content\/uploads\/2024\/08\/WhatsApp-Image-2024-08-20-at-11.47.50-PM-1024x682.jpeg\" alt=\"\" class=\"wp-image-9858\" srcset=\"https:\/\/www.radiointeractivo.com.mx\/wp-content\/uploads\/2024\/08\/WhatsApp-Image-2024-08-20-at-11.47.50-PM-1024x682.jpeg 1024w, https:\/\/www.radiointeractivo.com.mx\/wp-content\/uploads\/2024\/08\/WhatsApp-Image-2024-08-20-at-11.47.50-PM-300x200.jpeg 300w, https:\/\/www.radiointeractivo.com.mx\/wp-content\/uploads\/2024\/08\/WhatsApp-Image-2024-08-20-at-11.47.50-PM-768x512.jpeg 768w, https:\/\/www.radiointeractivo.com.mx\/wp-content\/uploads\/2024\/08\/WhatsApp-Image-2024-08-20-at-11.47.50-PM-1536x1023.jpeg 1536w, https:\/\/www.radiointeractivo.com.mx\/wp-content\/uploads\/2024\/08\/WhatsApp-Image-2024-08-20-at-11.47.50-PM-310x205.jpeg 310w, https:\/\/www.radiointeractivo.com.mx\/wp-content\/uploads\/2024\/08\/WhatsApp-Image-2024-08-20-at-11.47.50-PM.jpeg 1600w\" sizes=\"auto, (max-width: 1024px) 100vw, 1024px\" \/><\/figure>\n\n\n\n<p>-El gobernador de Tamaulipas y la c\u00f3nsul Mar\u00eda Elena Orantes L\u00f3pez acuerdan fortalecer la relaci\u00f3n del gobierno con los paisanos en EU<\/p>\n\n\n\n<p>Por: Agencias<\/p>\n\n\n\n<p>Houston Texas.-El gobernador de Tamaulipas, Am\u00e9rico Villarreal Anaya, sostuvo este martes un encuentro con la c\u00f3nsul de M\u00e9xico en Houston, Mar\u00eda Elena Orantes L\u00f3pez, l\u00edderes empresariales y organizaciones tamaulipecas, a quienes expuso las oportunidades que tiene el estado en materia tur\u00edstica y desarrollo.<\/p>\n\n\n\n<p>Durante el encuentro con el gobernador Villarreal Anaya, la c\u00f3nsul destac\u00f3 la trascendencia del trabajo de los m\u00e1s de 320 mil tamaulipecos que viven en la zona de Houston y que representan el 27 por ciento de la poblaci\u00f3n de esta regi\u00f3n texana.<\/p>\n\n\n\n<p>Los l\u00edderes de organizaciones de migrantes reconocieron el trabajo que se est\u00e1 viviendo en Tamaulipas a partir de la llegada del gobierno de la transformaci\u00f3n y agradecieron la atenci\u00f3n y preocupaci\u00f3n del gobernador para atender las necesidades de la poblaci\u00f3n migrante.<\/p>\n\n\n\n<p>\u201cEs una grata sorpresa para nosotros tenerlo de visita se\u00f1or gobernador, y m\u00e1s sabiendo que viene a escucharnos y conocer nuestras necesidades\u201d, dijo Tania Llanos, de origen tampique\u00f1o y que representa la organizaci\u00f3n \u201cSin fines de lucro, Casa Enlace-Tamaulipas\u201d.<\/p>\n\n\n\n<p>El gobernador Villarreal Anaya destac\u00f3 el rol que juegan las y los tamaulipecos en el exterior que mandan cada a\u00f1o al estado mil 200 millones de d\u00f3lares en divisas.<\/p>\n\n\n\n<p>\u201cSiempre he dicho que los que dejan su tierra son los m\u00e1s valientes porque tienen el valor de enfrentar nuevos retos dejando a los suyos\u201d, afirm\u00f3.<\/p>\n\n\n\n<p>En esta gira, el gobernador est\u00e1 acompa\u00f1ado del rector de la UAT, Damaso Anaya; Jos\u00e9 Ram\u00f3n Silva, secretario de Energ\u00eda; la senadora electa Olga Sosa y la subsecretaria de Econom\u00eda, Anabel Flores.<\/p>\n\n\n\n<p>Este mi\u00e9rcoles visitar\u00e1 la empresa australiana, Woodside Energy, que invierte en el puerto de Matamoros, m\u00e1s de 11 mil millones de d\u00f3lares.<\/p>\n","protected":false},"excerpt":{"rendered":"<p>-El gobernador de Tamaulipas y la c\u00f3nsul Mar\u00eda Elena Orantes L\u00f3pez acuerdan fortalecer la relaci\u00f3n del gobierno con los paisanos en EU Por: Agencias Houston Texas.-El gobernador de Tamaulipas, Am\u00e9rico Villarreal Anaya, sostuvo este martes un encuentro con la c\u00f3nsul de M\u00e9xico en Houston, Mar\u00eda Elena Orantes L\u00f3pez, l\u00edderes empresariales y organizaciones tamaulipecas, a quienes &hellip;<\/p>\n","protected":false},"author":1,"featured_media":9859,"comment_status":"open","ping_status":"open","sticky":false,"template":"","format":"standard","meta":{"footnotes":""},"categories":[39],"tags":[],"class_list":["post-9857","post","type-post","status-publish","format-standard","has-post-thumbnail","","category-tamaulipas"],"_links":{"self":[{"href":"https:\/\/www.radiointeractivo.com.mx\/index.php?rest_route=\/wp\/v2\/posts\/9857","targetHints":{"allow":["GET"]}}],"collection":[{"href":"https:\/\/www.radiointeractivo.com.mx\/index.php?rest_route=\/wp\/v2\/posts"}],"about":[{"href":"https:\/\/www.radiointeractivo.com.mx\/index.php?rest_route=\/wp\/v2\/types\/post"}],"author":[{"embeddable":true,"href":"https:\/\/www.radiointeractivo.com.mx\/index.php?rest_route=\/wp\/v2\/users\/1"}],"replies":[{"embeddable":true,"href":"https:\/\/www.radiointeractivo.com.mx\/index.php?rest_route=%2Fwp%2Fv2%2Fcomments&post=9857"}],"version-history":[{"count":1,"href":"https:\/\/www.radiointeractivo.com.mx\/index.php?rest_route=\/wp\/v2\/posts\/9857\/revisions"}],"predecessor-version":[{"id":9860,"href":"https:\/\/www.radiointeractivo.com.mx\/index.php?rest_route=\/wp\/v2\/posts\/9857\/revisions\/9860"}],"wp:featuredmedia":[{"embeddable":true,"href":"https:\/\/www.radiointeractivo.com.mx\/index.php?rest_route=\/wp\/v2\/media\/9859"}],"wp:attachment":[{"href":"https:\/\/www.radiointeractivo.com.mx\/index.php?rest_route=%2Fwp%2Fv2%2Fmedia&parent=9857"}],"wp:term":[{"taxonomy":"category","embeddable":true,"href":"https:\/\/www.radiointeractivo.com.mx\/index.php?rest_route=%2Fwp%2Fv2%2Fcategories&post=9857"},{"taxonomy":"post_tag","embeddable":true,"href":"https:\/\/www.radiointeractivo.com.mx\/index.php?rest_route=%2Fwp%2Fv2%2Ftags&post=9857"}],"curies":[{"name":"wp","href":"https:\/\/api.w.org\/{rel}","templated":true}]}}