{"id":9851,"date":"2024-08-21T11:32:04","date_gmt":"2024-08-21T16:32:04","guid":{"rendered":"https:\/\/www.radiointeractivo.com.mx\/?p=9851"},"modified":"2024-08-21T11:32:08","modified_gmt":"2024-08-21T16:32:08","slug":"mantiene-gobierno-municipal-puntos-de-hidratacion-por-altas-temperaturas","status":"publish","type":"post","link":"https:\/\/www.radiointeractivo.com.mx\/?p=9851","title":{"rendered":"MANTIENE GOBIERNO MUNICIPAL PUNTOS DE HIDRATACI\u00d3N POR ALTAS TEMPERATURAS"},"content":{"rendered":"\n<figure class=\"wp-block-image size-large\"><img loading=\"lazy\" decoding=\"async\" width=\"1024\" height=\"576\" src=\"https:\/\/www.radiointeractivo.com.mx\/wp-content\/uploads\/2024\/08\/WhatsApp-Image-2024-08-21-at-11.25.52-AM-1024x576.jpeg\" alt=\"\" class=\"wp-image-9852\" srcset=\"https:\/\/www.radiointeractivo.com.mx\/wp-content\/uploads\/2024\/08\/WhatsApp-Image-2024-08-21-at-11.25.52-AM-1024x576.jpeg 1024w, https:\/\/www.radiointeractivo.com.mx\/wp-content\/uploads\/2024\/08\/WhatsApp-Image-2024-08-21-at-11.25.52-AM-300x169.jpeg 300w, https:\/\/www.radiointeractivo.com.mx\/wp-content\/uploads\/2024\/08\/WhatsApp-Image-2024-08-21-at-11.25.52-AM-768x432.jpeg 768w, https:\/\/www.radiointeractivo.com.mx\/wp-content\/uploads\/2024\/08\/WhatsApp-Image-2024-08-21-at-11.25.52-AM-1536x864.jpeg 1536w, https:\/\/www.radiointeractivo.com.mx\/wp-content\/uploads\/2024\/08\/WhatsApp-Image-2024-08-21-at-11.25.52-AM.jpeg 1599w\" sizes=\"auto, (max-width: 1024px) 100vw, 1024px\" \/><\/figure>\n\n\n\n<p>Por: Staff | #NuevoLaredo #Laredo #NLD #Tamaulipas<\/p>\n\n\n\n<p>Ante las altas temperaturas que se viven en la ciudad, el Gobierno Municipal mantiene activo el operativo de puntos de hidrataci\u00f3n para garantizar que la poblaci\u00f3n se mantenga hidratada y prevenir golpes de calor.<\/p>\n\n\n\n<p>Humberto Fern\u00e1ndez Diez de Pinos, Director de Protecci\u00f3n Civil y Bomberos, inform\u00f3 que esta semana se prev\u00e9 que las temperaturas alcancen hasta 43 grados como m\u00e1ximo. Por ello, es crucial que los ciudadanos se mantengan adecuadamente hidratados.<\/p>\n\n\n\n<p>\u201cEs parte de las acciones que realizamos en esta temporada de calor para que nuestra poblaci\u00f3n que tiene que salir de sus hogares pueda ingerir sueros orales y electrolitos, es muy importante que los ciudadanos se mantengan adecuadamente hidratados\u201d, dijo el funcionario municipal.<\/p>\n\n\n\n<p>El operativo se lleva a cabo mediante tres unidades operativas que comienzan su recorrido a partir de las 11:00 de la ma\u00f1ana. Estas unidades se dirigen a plazas, hospitales, parques, avenidas principales, paradas de camiones y otros puntos.<\/p>\n\n\n\n<p>Por \u00faltimo el funcionario recomend\u00f3 a la ciudadan\u00eda tomar las siguientes precauciones: usar gorra, lentes, camisas de manga larga de colores claros, aplicar protector solar e hidratarse constantemente.<\/p>\n","protected":false},"excerpt":{"rendered":"<p>Por: Staff | #NuevoLaredo #Laredo #NLD #Tamaulipas Ante las altas temperaturas que se viven en la ciudad, el Gobierno Municipal mantiene activo el operativo de puntos de hidrataci\u00f3n para garantizar que la poblaci\u00f3n se mantenga hidratada y prevenir golpes de calor. Humberto Fern\u00e1ndez Diez de Pinos, Director de Protecci\u00f3n Civil y Bomberos, inform\u00f3 que esta &hellip;<\/p>\n","protected":false},"author":1,"featured_media":9852,"comment_status":"open","ping_status":"open","sticky":false,"template":"","format":"standard","meta":{"footnotes":""},"categories":[38],"tags":[],"class_list":["post-9851","post","type-post","status-publish","format-standard","has-post-thumbnail","","category-nuevo-laredo"],"_links":{"self":[{"href":"https:\/\/www.radiointeractivo.com.mx\/index.php?rest_route=\/wp\/v2\/posts\/9851","targetHints":{"allow":["GET"]}}],"collection":[{"href":"https:\/\/www.radiointeractivo.com.mx\/index.php?rest_route=\/wp\/v2\/posts"}],"about":[{"href":"https:\/\/www.radiointeractivo.com.mx\/index.php?rest_route=\/wp\/v2\/types\/post"}],"author":[{"embeddable":true,"href":"https:\/\/www.radiointeractivo.com.mx\/index.php?rest_route=\/wp\/v2\/users\/1"}],"replies":[{"embeddable":true,"href":"https:\/\/www.radiointeractivo.com.mx\/index.php?rest_route=%2Fwp%2Fv2%2Fcomments&post=9851"}],"version-history":[{"count":1,"href":"https:\/\/www.radiointeractivo.com.mx\/index.php?rest_route=\/wp\/v2\/posts\/9851\/revisions"}],"predecessor-version":[{"id":9853,"href":"https:\/\/www.radiointeractivo.com.mx\/index.php?rest_route=\/wp\/v2\/posts\/9851\/revisions\/9853"}],"wp:featuredmedia":[{"embeddable":true,"href":"https:\/\/www.radiointeractivo.com.mx\/index.php?rest_route=\/wp\/v2\/media\/9852"}],"wp:attachment":[{"href":"https:\/\/www.radiointeractivo.com.mx\/index.php?rest_route=%2Fwp%2Fv2%2Fmedia&parent=9851"}],"wp:term":[{"taxonomy":"category","embeddable":true,"href":"https:\/\/www.radiointeractivo.com.mx\/index.php?rest_route=%2Fwp%2Fv2%2Fcategories&post=9851"},{"taxonomy":"post_tag","embeddable":true,"href":"https:\/\/www.radiointeractivo.com.mx\/index.php?rest_route=%2Fwp%2Fv2%2Ftags&post=9851"}],"curies":[{"name":"wp","href":"https:\/\/api.w.org\/{rel}","templated":true}]}}