{"id":9848,"date":"2024-08-21T11:08:53","date_gmt":"2024-08-21T16:08:53","guid":{"rendered":"https:\/\/www.radiointeractivo.com.mx\/?p=9848"},"modified":"2024-08-21T11:08:54","modified_gmt":"2024-08-21T16:08:54","slug":"todo-listo-para-la-expo-regreso-a-clases-2024","status":"publish","type":"post","link":"https:\/\/www.radiointeractivo.com.mx\/?p=9848","title":{"rendered":"TODO LISTO PARA LA EXPO REGRESO A CLASES 2024"},"content":{"rendered":"\n<figure class=\"wp-block-image size-large\"><img loading=\"lazy\" decoding=\"async\" width=\"1024\" height=\"1024\" src=\"https:\/\/www.radiointeractivo.com.mx\/wp-content\/uploads\/2024\/08\/WhatsApp-Image-2024-08-21-at-10.58.31-AM-1024x1024.jpeg\" alt=\"\" class=\"wp-image-9849\" srcset=\"https:\/\/www.radiointeractivo.com.mx\/wp-content\/uploads\/2024\/08\/WhatsApp-Image-2024-08-21-at-10.58.31-AM-1024x1024.jpeg 1024w, https:\/\/www.radiointeractivo.com.mx\/wp-content\/uploads\/2024\/08\/WhatsApp-Image-2024-08-21-at-10.58.31-AM-300x300.jpeg 300w, https:\/\/www.radiointeractivo.com.mx\/wp-content\/uploads\/2024\/08\/WhatsApp-Image-2024-08-21-at-10.58.31-AM-150x150.jpeg 150w, https:\/\/www.radiointeractivo.com.mx\/wp-content\/uploads\/2024\/08\/WhatsApp-Image-2024-08-21-at-10.58.31-AM-768x768.jpeg 768w, https:\/\/www.radiointeractivo.com.mx\/wp-content\/uploads\/2024\/08\/WhatsApp-Image-2024-08-21-at-10.58.31-AM.jpeg 1280w\" sizes=\"auto, (max-width: 1024px) 100vw, 1024px\" \/><\/figure>\n\n\n\n<p>Por: Staff | #NuevoLaredo #Laredo #NLD #Tamaulipas<\/p>\n\n\n\n<p>Con la finalidad de apoyar la econom\u00eda de las familias neolaredenses y dar una oportunidad a los negocios locales de ofrecer sus productos, el Gobierno Municipal realizar\u00e1 la \u201cExpo Regreso a clases 2024\u201d.<\/p>\n\n\n\n<p>Este evento tendr\u00e1 lugar los d\u00edas 22 y 23 de agosto, de 9:00 AM a 8:00 PM, en la Sala Principal del Centro C\u00edvico la cual se llenar\u00e1 de ofertas especiales para que los padres de familia encuentren en un solo lugar todo lo necesario para el regreso a clases.<\/p>\n\n\n\n<p>All\u00ed se podr\u00e1n encontrar \u00fatiles escolares, papeler\u00eda, uniformes, libros de texto, zapatos, entre otros, por lo que se invita a los padres de familia a acudir y aprovechar los bajos precios de todos los art\u00edculos.<\/p>\n","protected":false},"excerpt":{"rendered":"<p>Por: Staff | #NuevoLaredo #Laredo #NLD #Tamaulipas Con la finalidad de apoyar la econom\u00eda de las familias neolaredenses y dar una oportunidad a los negocios locales de ofrecer sus productos, el Gobierno Municipal realizar\u00e1 la \u201cExpo Regreso a clases 2024\u201d. Este evento tendr\u00e1 lugar los d\u00edas 22 y 23 de agosto, de 9:00 AM a &hellip;<\/p>\n","protected":false},"author":1,"featured_media":9849,"comment_status":"open","ping_status":"open","sticky":false,"template":"","format":"standard","meta":{"footnotes":""},"categories":[38],"tags":[],"class_list":["post-9848","post","type-post","status-publish","format-standard","has-post-thumbnail","","category-nuevo-laredo"],"_links":{"self":[{"href":"https:\/\/www.radiointeractivo.com.mx\/index.php?rest_route=\/wp\/v2\/posts\/9848","targetHints":{"allow":["GET"]}}],"collection":[{"href":"https:\/\/www.radiointeractivo.com.mx\/index.php?rest_route=\/wp\/v2\/posts"}],"about":[{"href":"https:\/\/www.radiointeractivo.com.mx\/index.php?rest_route=\/wp\/v2\/types\/post"}],"author":[{"embeddable":true,"href":"https:\/\/www.radiointeractivo.com.mx\/index.php?rest_route=\/wp\/v2\/users\/1"}],"replies":[{"embeddable":true,"href":"https:\/\/www.radiointeractivo.com.mx\/index.php?rest_route=%2Fwp%2Fv2%2Fcomments&post=9848"}],"version-history":[{"count":1,"href":"https:\/\/www.radiointeractivo.com.mx\/index.php?rest_route=\/wp\/v2\/posts\/9848\/revisions"}],"predecessor-version":[{"id":9850,"href":"https:\/\/www.radiointeractivo.com.mx\/index.php?rest_route=\/wp\/v2\/posts\/9848\/revisions\/9850"}],"wp:featuredmedia":[{"embeddable":true,"href":"https:\/\/www.radiointeractivo.com.mx\/index.php?rest_route=\/wp\/v2\/media\/9849"}],"wp:attachment":[{"href":"https:\/\/www.radiointeractivo.com.mx\/index.php?rest_route=%2Fwp%2Fv2%2Fmedia&parent=9848"}],"wp:term":[{"taxonomy":"category","embeddable":true,"href":"https:\/\/www.radiointeractivo.com.mx\/index.php?rest_route=%2Fwp%2Fv2%2Fcategories&post=9848"},{"taxonomy":"post_tag","embeddable":true,"href":"https:\/\/www.radiointeractivo.com.mx\/index.php?rest_route=%2Fwp%2Fv2%2Ftags&post=9848"}],"curies":[{"name":"wp","href":"https:\/\/api.w.org\/{rel}","templated":true}]}}