{"id":9841,"date":"2024-08-20T22:36:43","date_gmt":"2024-08-21T03:36:43","guid":{"rendered":"https:\/\/www.radiointeractivo.com.mx\/?p=9841"},"modified":"2024-08-20T22:36:44","modified_gmt":"2024-08-21T03:36:44","slug":"activa-sst-segunda-jornada-nacional-de-lucha-contra-el-dengue","status":"publish","type":"post","link":"https:\/\/www.radiointeractivo.com.mx\/?p=9841","title":{"rendered":"Activa SST segunda Jornada Nacional de Lucha Contra el Dengue"},"content":{"rendered":"\n<figure class=\"wp-block-image size-large\"><img loading=\"lazy\" decoding=\"async\" width=\"1024\" height=\"682\" src=\"https:\/\/www.radiointeractivo.com.mx\/wp-content\/uploads\/2024\/08\/WhatsApp-Image-2024-08-20-at-5.26.05-PM-1-1024x682.jpeg\" alt=\"\" class=\"wp-image-9843\" srcset=\"https:\/\/www.radiointeractivo.com.mx\/wp-content\/uploads\/2024\/08\/WhatsApp-Image-2024-08-20-at-5.26.05-PM-1-1024x682.jpeg 1024w, https:\/\/www.radiointeractivo.com.mx\/wp-content\/uploads\/2024\/08\/WhatsApp-Image-2024-08-20-at-5.26.05-PM-1-300x200.jpeg 300w, https:\/\/www.radiointeractivo.com.mx\/wp-content\/uploads\/2024\/08\/WhatsApp-Image-2024-08-20-at-5.26.05-PM-1-768x512.jpeg 768w, https:\/\/www.radiointeractivo.com.mx\/wp-content\/uploads\/2024\/08\/WhatsApp-Image-2024-08-20-at-5.26.05-PM-1-1536x1023.jpeg 1536w, https:\/\/www.radiointeractivo.com.mx\/wp-content\/uploads\/2024\/08\/WhatsApp-Image-2024-08-20-at-5.26.05-PM-1-310x205.jpeg 310w, https:\/\/www.radiointeractivo.com.mx\/wp-content\/uploads\/2024\/08\/WhatsApp-Image-2024-08-20-at-5.26.05-PM-1.jpeg 1600w\" sizes=\"auto, (max-width: 1024px) 100vw, 1024px\" \/><\/figure>\n\n\n\n<p>Por: Agencias<\/p>\n\n\n\n<p>Altamira, Tamaulipas.- Para contribuir en la prevenci\u00f3n y el control del dengue mediante acciones priorizadas de educaci\u00f3n para la salud y el control integral del mosco trasmisor en los planteles educativos de todos los niveles y localidades prioritarias, el secretario de Salud, Vicente Joel Hern\u00e1ndez Navarro, acompa\u00f1ado por el presidente municipal, Armando Mart\u00ednez Manr\u00edquez, inaugur\u00f3 los trabajos de la segunda Jornada Nacional de Lucha Contra el Dengue.<\/p>\n\n\n\n<p>Al reafirmar el compromiso del gobernador Am\u00e9rico Villarreal Anaya, de priorizar la salud de las y los tamaulipecos, se ha adoptado un enfoque integral en la lucha contra esta enfermedad que exige actuar con rapidez y eficacia, se\u00f1al\u00f3 Hern\u00e1ndez Navarro durante su discurso.<\/p>\n\n\n\n<p>Dijo que, en el segundo semestre de este a\u00f1o, se tiene un incremento en los casos probables y confirmados de dengue, especialmente en las regiones sur y norte del estado, por ello se trabaja con determinaci\u00f3n y estrategias efectivas, que no solamente se limitan a una campa\u00f1a informativa, sino a una intervenci\u00f3n integral que abarca acciones concretas en las 12 jurisdicciones sanitarias.<\/p>\n\n\n\n<p>\u201cEste trabajo ha sido posible gracias al esfuerzo de 860 trabajadores dedicados al programa de prevenci\u00f3n y control de enfermedades transmitidas por vector, que de forma conjunta con los ayuntamientos, sociedad civil, empresas, as\u00ed como la comunidad educativa, desempe\u00f1an un papel crucial en esta lucha\u201d, destac\u00f3 el titular de salud.<\/p>\n\n\n\n<p>Las acciones de esta segunda Jornada Nacional de Lucha Contra el Dengue se centran en los planteles educativos, desde el nivel preescolar hasta el nivel superior, para contribuir a que estos espacios sean entornos libres de riesgos, permitiendo que los ni\u00f1os y j\u00f3venes se desarrollen en condiciones de seguridad y salud.<\/p>\n\n\n\n<p>\u201cLas escuelas, al ser lugares de alta concentraci\u00f3n de personas y de gran influencia en la comunidad, se convierten en puntos estrat\u00e9gicos para la prevenci\u00f3n del dengue y al capacitar a maestros y estudiantes, no solo estamos protegiendo a los alumnos, sino tambi\u00e9n extendiendo las buenas pr\u00e1cticas a sus familias y a la comunidad en general\u201d, se\u00f1al\u00f3.<\/p>\n\n\n\n<p>Los trabajos de la jornada se llevan a cabo del 19 al 23 de agosto, es una estrategia que permite avanzar significativamente en el control del dengue, transformando los entornos en espacios m\u00e1s seguros para todos, este esfuerzo une a autoridades, docentes, estudiantes y padres de familia, para avanzar en la erradicaci\u00f3n de este problema que requiere la participaci\u00f3n de toda la sociedad, \u201ces en las escuelas donde podemos sembrar las semillas de una cultura de prevenci\u00f3n y cuidado\u201d, reiter\u00f3 el secretario de Salud, al exhortar a la poblaci\u00f3n a participar en estas actividades.<\/p>\n\n\n\n<p>El evento se llev\u00f3 a cabo en las instalaciones de la escuela Secundaria T\u00e9cnica No. 63 \u201cFidel Vel\u00e1zquez S\u00e1nchez\u201d de este municipio y se cont\u00f3 con la presencia de la diputada federal, Blanca Aracely Narro Parame\u00f1o; del delegado estatal de Programas Federales para el Desarrollo en Tamaulipas, Luis Lauro Reyes Rodr\u00edguez; la presidenta del DIF municipal de Altamira, Rosa Irene Luque de Mart\u00ednez; el titular de la Coordinaci\u00f3n Estatal del IMSS Bienestar, Marggid Antonio Rodr\u00edguez Avenda\u00f1o; representando a la Zona Militar, general brigadier M.C. Oscar Escalante Pi\u00f1a; el subdirector de Programas para una Vida Saludable, Ricardo Hern\u00e1ndez Brussolo, en representaci\u00f3n de la secretaria de Educaci\u00f3n de Tamaulipas, Luc\u00eda Aim\u00e9 Castillo Pastor; en representaci\u00f3n de la secretaria de Bienestar Social en Tamaulipas, Silvia Lucero Casas Gonz\u00e1lez, Magdalena Peraza Guerra; as\u00ed como el director de la Jurisdicci\u00f3n Sanitaria No. XII de Altamira, Carlos Arturo Ju\u00e1rez del \u00c1ngel, entre otras autoridades.<\/p>\n","protected":false},"excerpt":{"rendered":"<p>Por: Agencias Altamira, Tamaulipas.- Para contribuir en la prevenci\u00f3n y el control del dengue mediante acciones priorizadas de educaci\u00f3n para la salud y el control integral del mosco trasmisor en los planteles educativos de todos los niveles y localidades prioritarias, el secretario de Salud, Vicente Joel Hern\u00e1ndez Navarro, acompa\u00f1ado por el presidente municipal, Armando Mart\u00ednez &hellip;<\/p>\n","protected":false},"author":1,"featured_media":9842,"comment_status":"open","ping_status":"open","sticky":false,"template":"","format":"standard","meta":{"footnotes":""},"categories":[39],"tags":[],"class_list":["post-9841","post","type-post","status-publish","format-standard","has-post-thumbnail","","category-tamaulipas"],"_links":{"self":[{"href":"https:\/\/www.radiointeractivo.com.mx\/index.php?rest_route=\/wp\/v2\/posts\/9841","targetHints":{"allow":["GET"]}}],"collection":[{"href":"https:\/\/www.radiointeractivo.com.mx\/index.php?rest_route=\/wp\/v2\/posts"}],"about":[{"href":"https:\/\/www.radiointeractivo.com.mx\/index.php?rest_route=\/wp\/v2\/types\/post"}],"author":[{"embeddable":true,"href":"https:\/\/www.radiointeractivo.com.mx\/index.php?rest_route=\/wp\/v2\/users\/1"}],"replies":[{"embeddable":true,"href":"https:\/\/www.radiointeractivo.com.mx\/index.php?rest_route=%2Fwp%2Fv2%2Fcomments&post=9841"}],"version-history":[{"count":1,"href":"https:\/\/www.radiointeractivo.com.mx\/index.php?rest_route=\/wp\/v2\/posts\/9841\/revisions"}],"predecessor-version":[{"id":9844,"href":"https:\/\/www.radiointeractivo.com.mx\/index.php?rest_route=\/wp\/v2\/posts\/9841\/revisions\/9844"}],"wp:featuredmedia":[{"embeddable":true,"href":"https:\/\/www.radiointeractivo.com.mx\/index.php?rest_route=\/wp\/v2\/media\/9842"}],"wp:attachment":[{"href":"https:\/\/www.radiointeractivo.com.mx\/index.php?rest_route=%2Fwp%2Fv2%2Fmedia&parent=9841"}],"wp:term":[{"taxonomy":"category","embeddable":true,"href":"https:\/\/www.radiointeractivo.com.mx\/index.php?rest_route=%2Fwp%2Fv2%2Fcategories&post=9841"},{"taxonomy":"post_tag","embeddable":true,"href":"https:\/\/www.radiointeractivo.com.mx\/index.php?rest_route=%2Fwp%2Fv2%2Ftags&post=9841"}],"curies":[{"name":"wp","href":"https:\/\/api.w.org\/{rel}","templated":true}]}}