{"id":9784,"date":"2024-08-18T20:32:51","date_gmt":"2024-08-19T01:32:51","guid":{"rendered":"https:\/\/www.radiointeractivo.com.mx\/?p=9784"},"modified":"2024-08-18T20:32:52","modified_gmt":"2024-08-19T01:32:52","slug":"actualizan-semaforo-del-cuidado-del-agua-para-tamaulipas","status":"publish","type":"post","link":"https:\/\/www.radiointeractivo.com.mx\/?p=9784","title":{"rendered":"Actualizan Sem\u00e1foro del Cuidado del Agua para Tamaulipas"},"content":{"rendered":"\n<figure class=\"wp-block-image size-large\"><img loading=\"lazy\" decoding=\"async\" width=\"1024\" height=\"680\" src=\"https:\/\/www.radiointeractivo.com.mx\/wp-content\/uploads\/2024\/08\/WhatsApp-Image-2024-08-17-at-1.22.14-PM-1024x680.jpeg\" alt=\"\" class=\"wp-image-9785\" srcset=\"https:\/\/www.radiointeractivo.com.mx\/wp-content\/uploads\/2024\/08\/WhatsApp-Image-2024-08-17-at-1.22.14-PM-1024x680.jpeg 1024w, https:\/\/www.radiointeractivo.com.mx\/wp-content\/uploads\/2024\/08\/WhatsApp-Image-2024-08-17-at-1.22.14-PM-300x199.jpeg 300w, https:\/\/www.radiointeractivo.com.mx\/wp-content\/uploads\/2024\/08\/WhatsApp-Image-2024-08-17-at-1.22.14-PM-768x510.jpeg 768w, https:\/\/www.radiointeractivo.com.mx\/wp-content\/uploads\/2024\/08\/WhatsApp-Image-2024-08-17-at-1.22.14-PM-1536x1020.jpeg 1536w, https:\/\/www.radiointeractivo.com.mx\/wp-content\/uploads\/2024\/08\/WhatsApp-Image-2024-08-17-at-1.22.14-PM-310x205.jpeg 310w, https:\/\/www.radiointeractivo.com.mx\/wp-content\/uploads\/2024\/08\/WhatsApp-Image-2024-08-17-at-1.22.14-PM.jpeg 1600w\" sizes=\"auto, (max-width: 1024px) 100vw, 1024px\" \/><\/figure>\n\n\n\n<p>-Agua para consumo p\u00fablico urbano est\u00e1 garantizado en los diez municipios fronterizos.<\/p>\n\n\n\n<p>Por: Agencias<\/p>\n\n\n\n<p>Nuevo Laredo, Tamaulipas.- El Comit\u00e9 de Evaluaci\u00f3n del Sem\u00e1foro del Cuidado del Agua celebr\u00f3 este jueves la d\u00e9cimo quinta reuni\u00f3n ordinaria, en la que decret\u00f3 superada la crisis h\u00eddrica en 33 municipios y mantuvo en rojo los diez restantes de la frontera norte del estado debido al bajo nivel de almacenamiento de las presas internacionales Amistad y Falc\u00f3n.<\/p>\n\n\n\n<p>El secretario de Recursos Hidr\u00e1ulicos para el Desarrollo Social Ra\u00fal Quiroga \u00c1lvarez expuso, que pese a la ausencia de fen\u00f3menos meteorol\u00f3gicos, sobreexplotaci\u00f3n de concesiones en la cuenca del r\u00edo Bravo y disponibilidad de solo 340 millones de metros c\u00fabicos de agua mexicana en ambos embalses, est\u00e1 garantizado el suministro de agua para la poblaci\u00f3n que reside en la franja fronteriza.<\/p>\n\n\n\n<p>\u201cEn los diez municipios asentados en la frontera norte, donde se concentra el 54 por ciento de la poblaci\u00f3n de Tamaulipas, seguimos estando en una situaci\u00f3n muy complicada. Las presas Amistad y Falc\u00f3n, no han tenido recuperaci\u00f3n de almacenamiento, pero a\u00fan as\u00ed el agua para uso p\u00fablico y urbano est\u00e1 al ciento por ciento garantizada\u201d se\u00f1al\u00f3 en su intervenci\u00f3n.<\/p>\n\n\n\n<p>Anunci\u00f3 que para el mes de septiembre se programar\u00e1 una reuni\u00f3n con presidentes municipales, senadores, diputados federales y locales de Tamaulipas, as\u00ed como con organismos operadores y distritos de riego para buscar alternativas de soluci\u00f3n a esa problem\u00e1tica y en su momento hacer un planteamiento a la presidenta electa de M\u00e9xico Claudia Sheinbaum Pardo.<\/p>\n\n\n\n<p>En la exposici\u00f3n de actualizaci\u00f3n del Sem\u00e1foro del Cuidado del Agua, se inform\u00f3 que los municipios de Abasolo, Aldama, Altamira, Antiguo Morelos, Bustamante, Casas, Ciudad Madero, Cruillas, G\u00f3mez Far\u00edas, Gonz\u00e1lez, G\u00fc\u00e9mez, Hidalgo, Jaumave, Jim\u00e9nez, Llera, Mainero, El Mante, M\u00e9ndez, Nuevo Morelos, Ocampo, Padilla, San Carlos, San Fernando, Soto la Marina, Tampico, Victoria, Villagr\u00e1n y Xicot\u00e9ncatl, quedan incluidos en el color verde, Miquihuana, Palmillas, San Nicol\u00e1s y Tula en amarillo y en color rojo Camargo, Guerrero, D\u00edaz Ordaz, Matamoros, Mier, Miguel Alem\u00e1n, Nuevo Laredo, Reynosa, R\u00edo Bravo y Valle Hermoso.<\/p>\n\n\n\n<p>Estuvieron presentes el secretario del Ayuntamiento de Nuevo Laredo, representantes de la Secretar\u00eda de Econom\u00eda y de la Secretar\u00eda de Educaci\u00f3n, la Secci\u00f3n Mexicana de la CILA, gerentes generales de los diversos Organismos Operadores del Agua en el estado, la Comisi\u00f3n de Agua Potable y Saneamiento del Estado de Tamaulipas y el director general de ALITEC.<\/p>\n","protected":false},"excerpt":{"rendered":"<p>-Agua para consumo p\u00fablico urbano est\u00e1 garantizado en los diez municipios fronterizos. Por: Agencias Nuevo Laredo, Tamaulipas.- El Comit\u00e9 de Evaluaci\u00f3n del Sem\u00e1foro del Cuidado del Agua celebr\u00f3 este jueves la d\u00e9cimo quinta reuni\u00f3n ordinaria, en la que decret\u00f3 superada la crisis h\u00eddrica en 33 municipios y mantuvo en rojo los diez restantes de la &hellip;<\/p>\n","protected":false},"author":1,"featured_media":9785,"comment_status":"open","ping_status":"open","sticky":false,"template":"","format":"standard","meta":{"footnotes":""},"categories":[39],"tags":[],"class_list":["post-9784","post","type-post","status-publish","format-standard","has-post-thumbnail","","category-tamaulipas"],"_links":{"self":[{"href":"https:\/\/www.radiointeractivo.com.mx\/index.php?rest_route=\/wp\/v2\/posts\/9784","targetHints":{"allow":["GET"]}}],"collection":[{"href":"https:\/\/www.radiointeractivo.com.mx\/index.php?rest_route=\/wp\/v2\/posts"}],"about":[{"href":"https:\/\/www.radiointeractivo.com.mx\/index.php?rest_route=\/wp\/v2\/types\/post"}],"author":[{"embeddable":true,"href":"https:\/\/www.radiointeractivo.com.mx\/index.php?rest_route=\/wp\/v2\/users\/1"}],"replies":[{"embeddable":true,"href":"https:\/\/www.radiointeractivo.com.mx\/index.php?rest_route=%2Fwp%2Fv2%2Fcomments&post=9784"}],"version-history":[{"count":1,"href":"https:\/\/www.radiointeractivo.com.mx\/index.php?rest_route=\/wp\/v2\/posts\/9784\/revisions"}],"predecessor-version":[{"id":9786,"href":"https:\/\/www.radiointeractivo.com.mx\/index.php?rest_route=\/wp\/v2\/posts\/9784\/revisions\/9786"}],"wp:featuredmedia":[{"embeddable":true,"href":"https:\/\/www.radiointeractivo.com.mx\/index.php?rest_route=\/wp\/v2\/media\/9785"}],"wp:attachment":[{"href":"https:\/\/www.radiointeractivo.com.mx\/index.php?rest_route=%2Fwp%2Fv2%2Fmedia&parent=9784"}],"wp:term":[{"taxonomy":"category","embeddable":true,"href":"https:\/\/www.radiointeractivo.com.mx\/index.php?rest_route=%2Fwp%2Fv2%2Fcategories&post=9784"},{"taxonomy":"post_tag","embeddable":true,"href":"https:\/\/www.radiointeractivo.com.mx\/index.php?rest_route=%2Fwp%2Fv2%2Ftags&post=9784"}],"curies":[{"name":"wp","href":"https:\/\/api.w.org\/{rel}","templated":true}]}}