{"id":9749,"date":"2024-08-16T14:29:28","date_gmt":"2024-08-16T19:29:28","guid":{"rendered":"https:\/\/www.radiointeractivo.com.mx\/?p=9749"},"modified":"2024-08-16T14:29:29","modified_gmt":"2024-08-16T19:29:29","slug":"exito-en-la-jornada-nacional-de-salud-publica-2024-en-diaz-ordaz","status":"publish","type":"post","link":"https:\/\/www.radiointeractivo.com.mx\/?p=9749","title":{"rendered":"\u00c9xito en la Jornada Nacional de Salud P\u00fablica 2024 en D\u00edaz Ordaz"},"content":{"rendered":"\n<figure class=\"wp-block-image size-large\"><img loading=\"lazy\" decoding=\"async\" width=\"1024\" height=\"682\" src=\"https:\/\/www.radiointeractivo.com.mx\/wp-content\/uploads\/2024\/08\/WhatsApp-Image-2024-08-16-at-2.21.11-PM-1024x682.jpeg\" alt=\"\" class=\"wp-image-9750\" srcset=\"https:\/\/www.radiointeractivo.com.mx\/wp-content\/uploads\/2024\/08\/WhatsApp-Image-2024-08-16-at-2.21.11-PM-1024x682.jpeg 1024w, https:\/\/www.radiointeractivo.com.mx\/wp-content\/uploads\/2024\/08\/WhatsApp-Image-2024-08-16-at-2.21.11-PM-300x200.jpeg 300w, https:\/\/www.radiointeractivo.com.mx\/wp-content\/uploads\/2024\/08\/WhatsApp-Image-2024-08-16-at-2.21.11-PM-768x512.jpeg 768w, https:\/\/www.radiointeractivo.com.mx\/wp-content\/uploads\/2024\/08\/WhatsApp-Image-2024-08-16-at-2.21.11-PM-1536x1023.jpeg 1536w, https:\/\/www.radiointeractivo.com.mx\/wp-content\/uploads\/2024\/08\/WhatsApp-Image-2024-08-16-at-2.21.11-PM-310x205.jpeg 310w, https:\/\/www.radiointeractivo.com.mx\/wp-content\/uploads\/2024\/08\/WhatsApp-Image-2024-08-16-at-2.21.11-PM.jpeg 1600w\" sizes=\"auto, (max-width: 1024px) 100vw, 1024px\" \/><\/figure>\n\n\n\n<p>Por: Staff | #DiazOrdaz #Valadeces #Tamaulipas<\/p>\n\n\n\n<p>D\u00edaz Ordaz, Tamaulipas &#8211; La Jornada Nacional de Salud P\u00fablica 2024 se llev\u00f3 a cabo con gran \u00e9xito en D\u00edaz Ordaz, impulsada por la administraci\u00f3n de la alcaldesa Nataly Garc\u00eda D\u00edaz. Este evento, parte de una iniciativa nacional que busca promover la prevenci\u00f3n y detecci\u00f3n temprana de enfermedades, se realiz\u00f3 del 12 al 23 de agosto y cont\u00f3 con la participaci\u00f3n activa de la comunidad.<\/p>\n\n\n\n<p>Durante la jornada, se ofrecieron servicios gratuitos de salud, incluyendo vacunaci\u00f3n, detecci\u00f3n de enfermedades cr\u00f3nicas y orientaci\u00f3n en salud sexual y reproductiva. Uno de los puntos m\u00e1s destacados fue la implementaci\u00f3n del iBreastExam, un programa enfocado en la detecci\u00f3n oportuna de c\u00e1ncer de mama. Este servicio permiti\u00f3 a muchas mujeres de la comunidad acceder a pruebas vitales para su salud, subrayando la importancia de la prevenci\u00f3n en la lucha contra esta enfermedad\u200b.<\/p>\n\n\n\n<p>La alcaldesa Nataly Garc\u00eda expres\u00f3 su agradecimiento a los ciudadanos que participaron en la jornada y a los profesionales de la salud involucrados, en especial a Rogelio Olivares Villarreal y al equipo de la Jurisdicci\u00f3n Sanitaria IX. Gracias a su dedicaci\u00f3n, el evento se desarroll\u00f3 de manera exitosa, acercando servicios esenciales a la poblaci\u00f3n.<\/p>\n\n\n\n<p>\u201c\u00a1Sigamos juntos, comprometidos con nuestra salud!\u201d, enfatiz\u00f3 Garc\u00eda D\u00edaz, invitando a la comunidad a continuar participando en iniciativas que fortalezcan el bienestar colectivo.<\/p>\n\n\n\n<p>Este esfuerzo es parte de una estrategia integral que busca no solo atender las necesidades inmediatas de salud, sino tambi\u00e9n educar y promover pr\u00e1cticas saludables en todos los grupos de edad, desde ni\u00f1os hasta adultos mayores, garantizando as\u00ed una comunidad m\u00e1s sana y fuerte\u200b.<\/p>\n","protected":false},"excerpt":{"rendered":"<p>Por: Staff | #DiazOrdaz #Valadeces #Tamaulipas D\u00edaz Ordaz, Tamaulipas &#8211; La Jornada Nacional de Salud P\u00fablica 2024 se llev\u00f3 a cabo con gran \u00e9xito en D\u00edaz Ordaz, impulsada por la administraci\u00f3n de la alcaldesa Nataly Garc\u00eda D\u00edaz. Este evento, parte de una iniciativa nacional que busca promover la prevenci\u00f3n y detecci\u00f3n temprana de enfermedades, se &hellip;<\/p>\n","protected":false},"author":1,"featured_media":9751,"comment_status":"open","ping_status":"open","sticky":false,"template":"","format":"standard","meta":{"footnotes":""},"categories":[39],"tags":[],"class_list":["post-9749","post","type-post","status-publish","format-standard","has-post-thumbnail","","category-tamaulipas"],"_links":{"self":[{"href":"https:\/\/www.radiointeractivo.com.mx\/index.php?rest_route=\/wp\/v2\/posts\/9749","targetHints":{"allow":["GET"]}}],"collection":[{"href":"https:\/\/www.radiointeractivo.com.mx\/index.php?rest_route=\/wp\/v2\/posts"}],"about":[{"href":"https:\/\/www.radiointeractivo.com.mx\/index.php?rest_route=\/wp\/v2\/types\/post"}],"author":[{"embeddable":true,"href":"https:\/\/www.radiointeractivo.com.mx\/index.php?rest_route=\/wp\/v2\/users\/1"}],"replies":[{"embeddable":true,"href":"https:\/\/www.radiointeractivo.com.mx\/index.php?rest_route=%2Fwp%2Fv2%2Fcomments&post=9749"}],"version-history":[{"count":1,"href":"https:\/\/www.radiointeractivo.com.mx\/index.php?rest_route=\/wp\/v2\/posts\/9749\/revisions"}],"predecessor-version":[{"id":9752,"href":"https:\/\/www.radiointeractivo.com.mx\/index.php?rest_route=\/wp\/v2\/posts\/9749\/revisions\/9752"}],"wp:featuredmedia":[{"embeddable":true,"href":"https:\/\/www.radiointeractivo.com.mx\/index.php?rest_route=\/wp\/v2\/media\/9751"}],"wp:attachment":[{"href":"https:\/\/www.radiointeractivo.com.mx\/index.php?rest_route=%2Fwp%2Fv2%2Fmedia&parent=9749"}],"wp:term":[{"taxonomy":"category","embeddable":true,"href":"https:\/\/www.radiointeractivo.com.mx\/index.php?rest_route=%2Fwp%2Fv2%2Fcategories&post=9749"},{"taxonomy":"post_tag","embeddable":true,"href":"https:\/\/www.radiointeractivo.com.mx\/index.php?rest_route=%2Fwp%2Fv2%2Ftags&post=9749"}],"curies":[{"name":"wp","href":"https:\/\/api.w.org\/{rel}","templated":true}]}}