{"id":9732,"date":"2024-08-15T15:36:35","date_gmt":"2024-08-15T20:36:35","guid":{"rendered":"https:\/\/www.radiointeractivo.com.mx\/?p=9732"},"modified":"2024-08-15T15:36:36","modified_gmt":"2024-08-15T20:36:36","slug":"injuve-realiza-jornada-de-activacion-fisica-para-el-sector-juvenil","status":"publish","type":"post","link":"https:\/\/www.radiointeractivo.com.mx\/?p=9732","title":{"rendered":"Injuve realiza jornada de activaci\u00f3n f\u00edsica para el sector juvenil"},"content":{"rendered":"\n<figure class=\"wp-block-image size-large\"><img loading=\"lazy\" decoding=\"async\" width=\"1024\" height=\"682\" src=\"https:\/\/www.radiointeractivo.com.mx\/wp-content\/uploads\/2024\/08\/WhatsApp-Image-2024-08-15-at-3.02.50-PM-1024x682.jpeg\" alt=\"\" class=\"wp-image-9733\" srcset=\"https:\/\/www.radiointeractivo.com.mx\/wp-content\/uploads\/2024\/08\/WhatsApp-Image-2024-08-15-at-3.02.50-PM-1024x682.jpeg 1024w, https:\/\/www.radiointeractivo.com.mx\/wp-content\/uploads\/2024\/08\/WhatsApp-Image-2024-08-15-at-3.02.50-PM-300x200.jpeg 300w, https:\/\/www.radiointeractivo.com.mx\/wp-content\/uploads\/2024\/08\/WhatsApp-Image-2024-08-15-at-3.02.50-PM-768x512.jpeg 768w, https:\/\/www.radiointeractivo.com.mx\/wp-content\/uploads\/2024\/08\/WhatsApp-Image-2024-08-15-at-3.02.50-PM-1536x1023.jpeg 1536w, https:\/\/www.radiointeractivo.com.mx\/wp-content\/uploads\/2024\/08\/WhatsApp-Image-2024-08-15-at-3.02.50-PM-310x205.jpeg 310w, https:\/\/www.radiointeractivo.com.mx\/wp-content\/uploads\/2024\/08\/WhatsApp-Image-2024-08-15-at-3.02.50-PM.jpeg 1600w\" sizes=\"auto, (max-width: 1024px) 100vw, 1024px\" \/><\/figure>\n\n\n\n<p>-Para fomentar un estilo de vida saludable y el uso de espacios p\u00fablicos de recreaci\u00f3n<\/p>\n\n\n\n<p>Por: Agencias<\/p>\n\n\n\n<p>Ciudad Victoria, Tamaulipas.- Con el apoyo y respaldo del secretario del Trabajo y Previsi\u00f3n Social (STyPS), Luis Gerardo Illoldi Reyes, el director general del Instituto de la Juventud de Tamaulipas (INJUVE), Oscar Azael Rodr\u00edguez Perales, encabez\u00f3 en el parque del \u201cPaseo M\u00e9ndez\u201d\u2019 una jornada m\u00e1s de activaci\u00f3n f\u00edsica, acompa\u00f1ado por integrantes del voluntariado Misi\u00f3n Tamaulipas y participantes de la sociedad civil.<\/p>\n\n\n\n<p>El titular de la Juventud, coment\u00f3 que, \u201cla finalidad es fomentar el desarrollo de la cultura f\u00edsica en los j\u00f3venes, a trav\u00e9s de la concientizaci\u00f3n y la pr\u00e1ctica regular, organizada, sistem\u00e1tica e incluyente de actividades f\u00edsicas, recreativas y predeportivas que favorezcan la disminuci\u00f3n de los porcentajes de sobrepeso, obesidad y sedentarismo, as\u00ed como el desarrollo de las capacidades f\u00edsicas de la poblaci\u00f3n; mediante el apoyo de clases gratuitas uniendo esfuerzos con coach especializados\u201d.<\/p>\n\n\n\n<p>Agreg\u00f3 que, \u201cestamos trabajando con una perspectiva de inclusi\u00f3n atendiendo diferentes aspectos; se genera un estilo de vida saludable, se promueve la integraci\u00f3n social entre la poblaci\u00f3n, se incrementa la sana convivencia, se fomenta en los trabajadores la actividad f\u00edsica para un mejor rendimiento laboral y, se promocionan espacios p\u00fablicos de esparcimiento para que los j\u00f3venes hagan uso de ellos con actividades recreativas, alejados de h\u00e1bitos que no sumen a su formaci\u00f3n integral evitando problem\u00e1ticas sociales\u201d.<\/p>\n\n\n\n<p>Con esto, se da cumplimiento a uno de los Objetivos de la Agenda 2030 en lo que refiere a Salud y Bienestar, raz\u00f3n por la que clases como: defensa personal, baile, yoga, deportivas, entre otras, se estar\u00e1n realizando simult\u00e1neamente en los municipios de la entidad.<\/p>\n","protected":false},"excerpt":{"rendered":"<p>-Para fomentar un estilo de vida saludable y el uso de espacios p\u00fablicos de recreaci\u00f3n Por: Agencias Ciudad Victoria, Tamaulipas.- Con el apoyo y respaldo del secretario del Trabajo y Previsi\u00f3n Social (STyPS), Luis Gerardo Illoldi Reyes, el director general del Instituto de la Juventud de Tamaulipas (INJUVE), Oscar Azael Rodr\u00edguez Perales, encabez\u00f3 en el &hellip;<\/p>\n","protected":false},"author":1,"featured_media":9733,"comment_status":"open","ping_status":"open","sticky":false,"template":"","format":"standard","meta":{"footnotes":""},"categories":[39],"tags":[],"class_list":["post-9732","post","type-post","status-publish","format-standard","has-post-thumbnail","","category-tamaulipas"],"_links":{"self":[{"href":"https:\/\/www.radiointeractivo.com.mx\/index.php?rest_route=\/wp\/v2\/posts\/9732","targetHints":{"allow":["GET"]}}],"collection":[{"href":"https:\/\/www.radiointeractivo.com.mx\/index.php?rest_route=\/wp\/v2\/posts"}],"about":[{"href":"https:\/\/www.radiointeractivo.com.mx\/index.php?rest_route=\/wp\/v2\/types\/post"}],"author":[{"embeddable":true,"href":"https:\/\/www.radiointeractivo.com.mx\/index.php?rest_route=\/wp\/v2\/users\/1"}],"replies":[{"embeddable":true,"href":"https:\/\/www.radiointeractivo.com.mx\/index.php?rest_route=%2Fwp%2Fv2%2Fcomments&post=9732"}],"version-history":[{"count":1,"href":"https:\/\/www.radiointeractivo.com.mx\/index.php?rest_route=\/wp\/v2\/posts\/9732\/revisions"}],"predecessor-version":[{"id":9734,"href":"https:\/\/www.radiointeractivo.com.mx\/index.php?rest_route=\/wp\/v2\/posts\/9732\/revisions\/9734"}],"wp:featuredmedia":[{"embeddable":true,"href":"https:\/\/www.radiointeractivo.com.mx\/index.php?rest_route=\/wp\/v2\/media\/9733"}],"wp:attachment":[{"href":"https:\/\/www.radiointeractivo.com.mx\/index.php?rest_route=%2Fwp%2Fv2%2Fmedia&parent=9732"}],"wp:term":[{"taxonomy":"category","embeddable":true,"href":"https:\/\/www.radiointeractivo.com.mx\/index.php?rest_route=%2Fwp%2Fv2%2Fcategories&post=9732"},{"taxonomy":"post_tag","embeddable":true,"href":"https:\/\/www.radiointeractivo.com.mx\/index.php?rest_route=%2Fwp%2Fv2%2Ftags&post=9732"}],"curies":[{"name":"wp","href":"https:\/\/api.w.org\/{rel}","templated":true}]}}