{"id":9719,"date":"2024-08-15T14:21:50","date_gmt":"2024-08-15T19:21:50","guid":{"rendered":"https:\/\/www.radiointeractivo.com.mx\/?p=9719"},"modified":"2024-08-15T14:21:51","modified_gmt":"2024-08-15T19:21:51","slug":"visitan-ciudad-victoria-93-mil-turistas-y-se-consolida-como-barrio-magico","status":"publish","type":"post","link":"https:\/\/www.radiointeractivo.com.mx\/?p=9719","title":{"rendered":"Visitan Ciudad Victoria 93 mil turistas y se consolida como \u201cBarrio M\u00e1gico\u201d"},"content":{"rendered":"\n<figure class=\"wp-block-image size-large\"><img loading=\"lazy\" decoding=\"async\" width=\"1024\" height=\"768\" src=\"https:\/\/www.radiointeractivo.com.mx\/wp-content\/uploads\/2024\/08\/WhatsApp-Image-2024-08-15-at-1.53.19-PM-1024x768.jpeg\" alt=\"\" class=\"wp-image-9720\" srcset=\"https:\/\/www.radiointeractivo.com.mx\/wp-content\/uploads\/2024\/08\/WhatsApp-Image-2024-08-15-at-1.53.19-PM-1024x768.jpeg 1024w, https:\/\/www.radiointeractivo.com.mx\/wp-content\/uploads\/2024\/08\/WhatsApp-Image-2024-08-15-at-1.53.19-PM-300x225.jpeg 300w, https:\/\/www.radiointeractivo.com.mx\/wp-content\/uploads\/2024\/08\/WhatsApp-Image-2024-08-15-at-1.53.19-PM-768x576.jpeg 768w, https:\/\/www.radiointeractivo.com.mx\/wp-content\/uploads\/2024\/08\/WhatsApp-Image-2024-08-15-at-1.53.19-PM-1536x1152.jpeg 1536w, https:\/\/www.radiointeractivo.com.mx\/wp-content\/uploads\/2024\/08\/WhatsApp-Image-2024-08-15-at-1.53.19-PM.jpeg 1600w\" sizes=\"auto, (max-width: 1024px) 100vw, 1024px\" \/><\/figure>\n\n\n\n<p>Por: Agencias<\/p>\n\n\n\n<p>Ciudad Victoria, Tamaulipas.-El turismo en Ciudad Victoria se fortalece y crece, y en este periodo de verano registra hasta el momento, un incremento del 77 por ciento, lo cual representa 93 mil visitantes, mientras que 2023 recibi\u00f3 a 52 mil turistas, inform\u00f3 el secretario de Turismo, Benjam\u00edn Hern\u00e1ndez Rodr\u00edguez.<\/p>\n\n\n\n<p>Destac\u00f3 la infraestructura y monumentos emblem\u00e1ticos que se pueden visitar en esta ciudad y que son parte de la historia de Victoria y de Tamaulipas, aunado a que de manera reciente, la capital obtuvo la denominaci\u00f3n de \u201cBarrio M\u00e1gico\u201d.<\/p>\n\n\n\n<p>Agreg\u00f3 que en Ciudad Victoria, se pueden conocer los murales del Palacio de Gobierno y en el edificio de la Presidencia Municipal, adem\u00e1s de otros edificios emblem\u00e1ticos como el Palacio Federal que, visto desde el aire, simula un avi\u00f3n, ya que el conjunto de edificios de este complejo gubernamental y las calles donde se ubican, forman una &#8220;T&#8221;, en alusi\u00f3n a la primera letra de Tamaulipas.<\/p>\n\n\n\n<p>De lo que se puede conocer tambi\u00e9n en el Barrio M\u00e1gico se encuentra la calle Hidalgo, enmarcada por la imponente Sierra Madre Oriental. En esta calle se ubica la &#8220;Casona de la Familia Filizola&#8221;, hoy Pinacoteca de Tamaulipas, que fomenta el acercamiento a la preservaci\u00f3n del patrimonio pict\u00f3rico y edificado, adem\u00e1s destaca la Plaza Ju\u00e1rez, con su imponente Palacio de Gobierno, donde se acostumbra que los gobernadores del estado junto a la sociedad celebren el tradicional &#8220;Grito de Independencia&#8221;, entre otros eventos.<\/p>\n\n\n\n<p>Tambi\u00e9n se puede destacar la Calle M\u00e1gica, una vialidad entre el 15 y el 16 Zaragoza, que, por su colorido, sus dibujos y el mural del pintor Alejandro Rosales Lugo, se ha convertido en el escenario perfecto para tomar fotos de todo tipo.<\/p>\n\n\n\n<p>Adelante, est\u00e1 el Jard\u00edn de Ni\u00f1os &#8220;Estefan\u00eda Casta\u00f1eda N\u00fa\u00f1ez de C\u00e1ceres&#8221;, fundado en 1896, el primer Jard\u00edn de Ni\u00f1os en Tamaulipas, y la antigua Estaci\u00f3n del Ferrocarril, donde lleg\u00f3 la primera locomotora llamada &#8220;Don Patricio&#8221;, que conect\u00f3 a Tampico con Monterrey y donde se pueden disfrutar los famosos taquitos de la estaci\u00f3n.<\/p>\n\n\n\n<p>Hern\u00e1ndez Rodr\u00edguez, dijo que en ciudad Victoria se puede practicar ciclismo de monta\u00f1a, senderismo y la observaci\u00f3n de aves, entre otras actividades.<\/p>\n\n\n\n<p>Adem\u00e1s, hay otros espacios para complementar la estancia en la capital de Tamaulipas: el Museo Tamux, el zool\u00f3gico Tamat\u00e1n, el Planetario, el Parque Tamat\u00e1n, el Parque Camino Real a Tula, el paseo Los Troncones, adem\u00e1s del reto extremo de subir a la Asta Bandera de la 48 Zona Militar, as\u00ed como restaurantes de todo tipo, donde se pueden degustar las famosas flautas, que en Ciudad Victoria son de harina, concluy\u00f3.<\/p>\n","protected":false},"excerpt":{"rendered":"<p>Por: Agencias Ciudad Victoria, Tamaulipas.-El turismo en Ciudad Victoria se fortalece y crece, y en este periodo de verano registra hasta el momento, un incremento del 77 por ciento, lo cual representa 93 mil visitantes, mientras que 2023 recibi\u00f3 a 52 mil turistas, inform\u00f3 el secretario de Turismo, Benjam\u00edn Hern\u00e1ndez Rodr\u00edguez. Destac\u00f3 la infraestructura y &hellip;<\/p>\n","protected":false},"author":1,"featured_media":9721,"comment_status":"open","ping_status":"open","sticky":false,"template":"","format":"standard","meta":{"footnotes":""},"categories":[39],"tags":[],"class_list":["post-9719","post","type-post","status-publish","format-standard","has-post-thumbnail","","category-tamaulipas"],"_links":{"self":[{"href":"https:\/\/www.radiointeractivo.com.mx\/index.php?rest_route=\/wp\/v2\/posts\/9719","targetHints":{"allow":["GET"]}}],"collection":[{"href":"https:\/\/www.radiointeractivo.com.mx\/index.php?rest_route=\/wp\/v2\/posts"}],"about":[{"href":"https:\/\/www.radiointeractivo.com.mx\/index.php?rest_route=\/wp\/v2\/types\/post"}],"author":[{"embeddable":true,"href":"https:\/\/www.radiointeractivo.com.mx\/index.php?rest_route=\/wp\/v2\/users\/1"}],"replies":[{"embeddable":true,"href":"https:\/\/www.radiointeractivo.com.mx\/index.php?rest_route=%2Fwp%2Fv2%2Fcomments&post=9719"}],"version-history":[{"count":1,"href":"https:\/\/www.radiointeractivo.com.mx\/index.php?rest_route=\/wp\/v2\/posts\/9719\/revisions"}],"predecessor-version":[{"id":9722,"href":"https:\/\/www.radiointeractivo.com.mx\/index.php?rest_route=\/wp\/v2\/posts\/9719\/revisions\/9722"}],"wp:featuredmedia":[{"embeddable":true,"href":"https:\/\/www.radiointeractivo.com.mx\/index.php?rest_route=\/wp\/v2\/media\/9721"}],"wp:attachment":[{"href":"https:\/\/www.radiointeractivo.com.mx\/index.php?rest_route=%2Fwp%2Fv2%2Fmedia&parent=9719"}],"wp:term":[{"taxonomy":"category","embeddable":true,"href":"https:\/\/www.radiointeractivo.com.mx\/index.php?rest_route=%2Fwp%2Fv2%2Fcategories&post=9719"},{"taxonomy":"post_tag","embeddable":true,"href":"https:\/\/www.radiointeractivo.com.mx\/index.php?rest_route=%2Fwp%2Fv2%2Ftags&post=9719"}],"curies":[{"name":"wp","href":"https:\/\/api.w.org\/{rel}","templated":true}]}}