{"id":9712,"date":"2024-08-15T12:06:17","date_gmt":"2024-08-15T17:06:17","guid":{"rendered":"https:\/\/www.radiointeractivo.com.mx\/?p=9712"},"modified":"2024-08-15T12:06:18","modified_gmt":"2024-08-15T17:06:18","slug":"disfrutan-familias-de-la-ciudad-cine-une-en-el-parque-viveros","status":"publish","type":"post","link":"https:\/\/www.radiointeractivo.com.mx\/?p=9712","title":{"rendered":"DISFRUTAN FAMILIAS DE LA CIUDAD \u201cCINE UNE\u201d EN EL PARQUE VIVEROS"},"content":{"rendered":"\n<figure class=\"wp-block-image size-large\"><img loading=\"lazy\" decoding=\"async\" width=\"1024\" height=\"682\" src=\"https:\/\/www.radiointeractivo.com.mx\/wp-content\/uploads\/2024\/08\/WhatsApp-Image-2024-08-15-at-11.26.57-AM-1024x682.jpeg\" alt=\"\" class=\"wp-image-9713\" srcset=\"https:\/\/www.radiointeractivo.com.mx\/wp-content\/uploads\/2024\/08\/WhatsApp-Image-2024-08-15-at-11.26.57-AM-1024x682.jpeg 1024w, https:\/\/www.radiointeractivo.com.mx\/wp-content\/uploads\/2024\/08\/WhatsApp-Image-2024-08-15-at-11.26.57-AM-300x200.jpeg 300w, https:\/\/www.radiointeractivo.com.mx\/wp-content\/uploads\/2024\/08\/WhatsApp-Image-2024-08-15-at-11.26.57-AM-768x512.jpeg 768w, https:\/\/www.radiointeractivo.com.mx\/wp-content\/uploads\/2024\/08\/WhatsApp-Image-2024-08-15-at-11.26.57-AM-1536x1023.jpeg 1536w, https:\/\/www.radiointeractivo.com.mx\/wp-content\/uploads\/2024\/08\/WhatsApp-Image-2024-08-15-at-11.26.57-AM-310x205.jpeg 310w, https:\/\/www.radiointeractivo.com.mx\/wp-content\/uploads\/2024\/08\/WhatsApp-Image-2024-08-15-at-11.26.57-AM.jpeg 1600w\" sizes=\"auto, (max-width: 1024px) 100vw, 1024px\" \/><\/figure>\n\n\n\n<p>Por: Staff | #NuevoLaredo #Laredo #NLD #Tamaulipas<\/p>\n\n\n\n<p>Entre palomitas, juegos recreativos, y la proyecci\u00f3n de una pel\u00edcula infantil vivieron ni\u00f1os y adultos una divertida tarde de \u201cCine UNE\u201d que brind\u00f3 el Gobierno Municipal en el parque Viveros.<\/p>\n\n\n\n<p>A trav\u00e9s de la secretar\u00eda de Bienestar Social se han realizado diversas actividades para que los ni\u00f1os ahora que se encuentran de vacaciones las disfruten en la ciudad.<\/p>\n\n\n\n<p>\u201cHacemos estos eventos con mucho cari\u00f1o para que los ni\u00f1os se diviertan pues son los \u00faltimos d\u00edas de vacaciones, que tengan una tarde agradable y nos da mucho gusto que vengan en familia\u201d, indic\u00f3 Liliana Arjona Barocio, titular de la secretar\u00eda.<\/p>\n\n\n\n<p>Arjona Barocio destac\u00f3 que en el parque Viveros pueden gozar de diferentes atracciones entre ellas acudir al Zool\u00f3gico y Acuario y conocer las especies que se encuentran en cada recinto.<\/p>\n\n\n\n<p>As\u00ed como sumergirse en las albercas, disfrutar del chapoteadero y del \u00e1rea de pies mojados para mitigar el calor.<\/p>\n\n\n\n<p>En este evento tambi\u00e9n se instal\u00f3 un bazar en el que expositores ofertaron sus productos entre ellos mochilas, \u00fatiles escolares, accesorios, ropa, tazas, entre otros art\u00edculos.<\/p>\n","protected":false},"excerpt":{"rendered":"<p>Por: Staff | #NuevoLaredo #Laredo #NLD #Tamaulipas Entre palomitas, juegos recreativos, y la proyecci\u00f3n de una pel\u00edcula infantil vivieron ni\u00f1os y adultos una divertida tarde de \u201cCine UNE\u201d que brind\u00f3 el Gobierno Municipal en el parque Viveros. A trav\u00e9s de la secretar\u00eda de Bienestar Social se han realizado diversas actividades para que los ni\u00f1os ahora &hellip;<\/p>\n","protected":false},"author":1,"featured_media":9713,"comment_status":"open","ping_status":"open","sticky":false,"template":"","format":"standard","meta":{"footnotes":""},"categories":[38],"tags":[],"class_list":["post-9712","post","type-post","status-publish","format-standard","has-post-thumbnail","","category-nuevo-laredo"],"_links":{"self":[{"href":"https:\/\/www.radiointeractivo.com.mx\/index.php?rest_route=\/wp\/v2\/posts\/9712","targetHints":{"allow":["GET"]}}],"collection":[{"href":"https:\/\/www.radiointeractivo.com.mx\/index.php?rest_route=\/wp\/v2\/posts"}],"about":[{"href":"https:\/\/www.radiointeractivo.com.mx\/index.php?rest_route=\/wp\/v2\/types\/post"}],"author":[{"embeddable":true,"href":"https:\/\/www.radiointeractivo.com.mx\/index.php?rest_route=\/wp\/v2\/users\/1"}],"replies":[{"embeddable":true,"href":"https:\/\/www.radiointeractivo.com.mx\/index.php?rest_route=%2Fwp%2Fv2%2Fcomments&post=9712"}],"version-history":[{"count":1,"href":"https:\/\/www.radiointeractivo.com.mx\/index.php?rest_route=\/wp\/v2\/posts\/9712\/revisions"}],"predecessor-version":[{"id":9714,"href":"https:\/\/www.radiointeractivo.com.mx\/index.php?rest_route=\/wp\/v2\/posts\/9712\/revisions\/9714"}],"wp:featuredmedia":[{"embeddable":true,"href":"https:\/\/www.radiointeractivo.com.mx\/index.php?rest_route=\/wp\/v2\/media\/9713"}],"wp:attachment":[{"href":"https:\/\/www.radiointeractivo.com.mx\/index.php?rest_route=%2Fwp%2Fv2%2Fmedia&parent=9712"}],"wp:term":[{"taxonomy":"category","embeddable":true,"href":"https:\/\/www.radiointeractivo.com.mx\/index.php?rest_route=%2Fwp%2Fv2%2Fcategories&post=9712"},{"taxonomy":"post_tag","embeddable":true,"href":"https:\/\/www.radiointeractivo.com.mx\/index.php?rest_route=%2Fwp%2Fv2%2Ftags&post=9712"}],"curies":[{"name":"wp","href":"https:\/\/api.w.org\/{rel}","templated":true}]}}