{"id":9709,"date":"2024-08-15T11:42:52","date_gmt":"2024-08-15T16:42:52","guid":{"rendered":"https:\/\/www.radiointeractivo.com.mx\/?p=9709"},"modified":"2024-08-15T11:42:54","modified_gmt":"2024-08-15T16:42:54","slug":"continuan-abiertas-las-inscripciones-para-talleres-de-oficios-une","status":"publish","type":"post","link":"https:\/\/www.radiointeractivo.com.mx\/?p=9709","title":{"rendered":"CONTIN\u00daAN ABIERTAS LAS INSCRIPCIONES PARA TALLERES DE OFICIOS UNE"},"content":{"rendered":"\n<figure class=\"wp-block-image size-large\"><img loading=\"lazy\" decoding=\"async\" width=\"1024\" height=\"576\" src=\"https:\/\/www.radiointeractivo.com.mx\/wp-content\/uploads\/2024\/08\/WhatsApp-Image-2024-08-15-at-11.25.14-AM-1024x576.jpeg\" alt=\"\" class=\"wp-image-9710\" srcset=\"https:\/\/www.radiointeractivo.com.mx\/wp-content\/uploads\/2024\/08\/WhatsApp-Image-2024-08-15-at-11.25.14-AM-1024x576.jpeg 1024w, https:\/\/www.radiointeractivo.com.mx\/wp-content\/uploads\/2024\/08\/WhatsApp-Image-2024-08-15-at-11.25.14-AM-300x169.jpeg 300w, https:\/\/www.radiointeractivo.com.mx\/wp-content\/uploads\/2024\/08\/WhatsApp-Image-2024-08-15-at-11.25.14-AM-768x432.jpeg 768w, https:\/\/www.radiointeractivo.com.mx\/wp-content\/uploads\/2024\/08\/WhatsApp-Image-2024-08-15-at-11.25.14-AM-1536x864.jpeg 1536w, https:\/\/www.radiointeractivo.com.mx\/wp-content\/uploads\/2024\/08\/WhatsApp-Image-2024-08-15-at-11.25.14-AM.jpeg 1600w\" sizes=\"auto, (max-width: 1024px) 100vw, 1024px\" \/><\/figure>\n\n\n\n<p>Por: Staff | #NuevoLaredo #Laredo #NLD #Tamaulipas<\/p>\n\n\n\n<p>El Gobierno Municipal, invita a la ciudadan\u00eda a inscribirse en los Talleres de Oficio UNE, los interesados pueden hacerlo en los Centros Comunitarios de las 12:00 PM a las 7:00 PM; y en la Secretar\u00eda de Bienestar de 8:30 AM a las 3:00 PM.<\/p>\n\n\n\n<p>La fecha l\u00edmite para el registro es hasta el 21 de agosto, los interesados deben ser mayores de 15 a\u00f1os y acompa\u00f1ar copias de lo siguientes documentos: acta de nacimiento, CURP, comprobante de domicilio, no mayor a 3 meses, credencial de elector, comprobante del \u00faltimo grado de estudios; asimismo, una foto tama\u00f1o infantil color, y cuota \u00fanica de 100 pesos de constancia.<\/p>\n","protected":false},"excerpt":{"rendered":"<p>Por: Staff | #NuevoLaredo #Laredo #NLD #Tamaulipas El Gobierno Municipal, invita a la ciudadan\u00eda a inscribirse en los Talleres de Oficio UNE, los interesados pueden hacerlo en los Centros Comunitarios de las 12:00 PM a las 7:00 PM; y en la Secretar\u00eda de Bienestar de 8:30 AM a las 3:00 PM. La fecha l\u00edmite para &hellip;<\/p>\n","protected":false},"author":1,"featured_media":9710,"comment_status":"open","ping_status":"open","sticky":false,"template":"","format":"standard","meta":{"footnotes":""},"categories":[38],"tags":[],"class_list":["post-9709","post","type-post","status-publish","format-standard","has-post-thumbnail","","category-nuevo-laredo"],"_links":{"self":[{"href":"https:\/\/www.radiointeractivo.com.mx\/index.php?rest_route=\/wp\/v2\/posts\/9709","targetHints":{"allow":["GET"]}}],"collection":[{"href":"https:\/\/www.radiointeractivo.com.mx\/index.php?rest_route=\/wp\/v2\/posts"}],"about":[{"href":"https:\/\/www.radiointeractivo.com.mx\/index.php?rest_route=\/wp\/v2\/types\/post"}],"author":[{"embeddable":true,"href":"https:\/\/www.radiointeractivo.com.mx\/index.php?rest_route=\/wp\/v2\/users\/1"}],"replies":[{"embeddable":true,"href":"https:\/\/www.radiointeractivo.com.mx\/index.php?rest_route=%2Fwp%2Fv2%2Fcomments&post=9709"}],"version-history":[{"count":1,"href":"https:\/\/www.radiointeractivo.com.mx\/index.php?rest_route=\/wp\/v2\/posts\/9709\/revisions"}],"predecessor-version":[{"id":9711,"href":"https:\/\/www.radiointeractivo.com.mx\/index.php?rest_route=\/wp\/v2\/posts\/9709\/revisions\/9711"}],"wp:featuredmedia":[{"embeddable":true,"href":"https:\/\/www.radiointeractivo.com.mx\/index.php?rest_route=\/wp\/v2\/media\/9710"}],"wp:attachment":[{"href":"https:\/\/www.radiointeractivo.com.mx\/index.php?rest_route=%2Fwp%2Fv2%2Fmedia&parent=9709"}],"wp:term":[{"taxonomy":"category","embeddable":true,"href":"https:\/\/www.radiointeractivo.com.mx\/index.php?rest_route=%2Fwp%2Fv2%2Fcategories&post=9709"},{"taxonomy":"post_tag","embeddable":true,"href":"https:\/\/www.radiointeractivo.com.mx\/index.php?rest_route=%2Fwp%2Fv2%2Ftags&post=9709"}],"curies":[{"name":"wp","href":"https:\/\/api.w.org\/{rel}","templated":true}]}}