{"id":9695,"date":"2024-08-14T15:10:34","date_gmt":"2024-08-14T20:10:34","guid":{"rendered":"https:\/\/www.radiointeractivo.com.mx\/?p=9695"},"modified":"2024-08-14T15:10:35","modified_gmt":"2024-08-14T20:10:35","slug":"participa-alcaldesa-carmen-lilia-canturosas-en-conferencia-nacional-de-seguridad-publica-municipal","status":"publish","type":"post","link":"https:\/\/www.radiointeractivo.com.mx\/?p=9695","title":{"rendered":"PARTICIPA ALCALDESA CARMEN LILIA CANTUROSAS EN CONFERENCIA NACIONAL DE SEGURIDAD P\u00daBLICA MUNICIPAL"},"content":{"rendered":"\n<figure class=\"wp-block-image size-large\"><img loading=\"lazy\" decoding=\"async\" width=\"1024\" height=\"684\" src=\"https:\/\/www.radiointeractivo.com.mx\/wp-content\/uploads\/2024\/08\/WhatsApp-Image-2024-08-14-at-3.07.38-PM-1024x684.jpeg\" alt=\"\" class=\"wp-image-9696\" srcset=\"https:\/\/www.radiointeractivo.com.mx\/wp-content\/uploads\/2024\/08\/WhatsApp-Image-2024-08-14-at-3.07.38-PM-1024x684.jpeg 1024w, https:\/\/www.radiointeractivo.com.mx\/wp-content\/uploads\/2024\/08\/WhatsApp-Image-2024-08-14-at-3.07.38-PM-300x200.jpeg 300w, https:\/\/www.radiointeractivo.com.mx\/wp-content\/uploads\/2024\/08\/WhatsApp-Image-2024-08-14-at-3.07.38-PM-768x513.jpeg 768w, https:\/\/www.radiointeractivo.com.mx\/wp-content\/uploads\/2024\/08\/WhatsApp-Image-2024-08-14-at-3.07.38-PM.jpeg 1250w\" sizes=\"auto, (max-width: 1024px) 100vw, 1024px\" \/><\/figure>\n\n\n\n<p>Por: Staff | #NuevoLaredo #Laredo #NLD #Tamaulipas<\/p>\n\n\n\n<p>Con el objetivo de fortalecer las estrategias de seguridad, bienestar y trabajar de manera coordinada con los tres niveles de gobierno, la presidenta municipal, Carmen Lilia Canturosas estuvo en Boca del R\u00edo, Veracruz donde particip\u00f3 en la Conferencia Nacional de Seguridad P\u00fablica Municipal.<\/p>\n\n\n\n<p>En representaci\u00f3n del gobernador de Tamaulipas, Am\u00e9rico Villarreal Anaya acudieron la alcaldesa de Nuevo Laredo y Armando Mart\u00ednez, presidente municipal de Altamira; la reuni\u00f3n estuvo encabezada por Rosa Icela Rodr\u00edguez, secretaria de Seguridad Ciudadana Nacional a trav\u00e9s de un enlace virtual y por el gobernador de Veracruz, Cuitl\u00e1huac Garc\u00eda Jim\u00e9nez.<\/p>\n\n\n\n<p>\u201cSeguimos uniendo esfuerzos para generar acciones que fortalezcan la seguridad p\u00fablica de nuestros ciudadanos, es de gran importancia para todos que se lleven a cabo este tipo de reuniones y crear estrategias para la paz de M\u00e9xico\u201d, se\u00f1al\u00f3 Canturosas Villarreal.<\/p>\n\n\n\n<p>La alcaldesa destac\u00f3 la importancia del trabajo en conjunto de los tres niveles de gobierno para llevar a cabo acciones que generen bienestar para las familias de Nuevo Laredo, Tamaulipas y todo M\u00e9xico.<\/p>\n\n\n\n<p>Agradeci\u00f3 al gobernador por tomar en cuenta a esta ciudad para representar a la entidad en una reuni\u00f3n de alto nivel, en la que se tomaron decisiones que ser\u00e1n fundamentales para garantizar la paz social en el pa\u00eds.<\/p>\n\n\n\n<p>Tambi\u00e9n asistieron presidentes municipales de diferentes estados de la Rep\u00fablica Mexicana y representantes de las secretar\u00edas de Seguridad P\u00fablica estatales.<\/p>\n\n\n\n<p>En este importante evento se tomaron varios acuerdos entre ellos fortalecer la capacitaci\u00f3n de los cuerpos de seguridad p\u00fablica para garantizar la atenci\u00f3n integral a la sociedad en general e impulsar la salud mental de los polic\u00edas.<\/p>\n\n\n\n<p>As\u00ed como que los Municipios miembros de la Conferencia Nacional de Seguridad P\u00fablica Municipal, fungir\u00e1n como enlaces de los municipios de su entidad federativa, para la solicitud, seguimiento del registro y alta de usuarios del Registro Nacional de Detenciones ante la Direcci\u00f3n General de Gesti\u00f3n de Servicios, Ciberseguridad y Desarrollo Tecnol\u00f3gico de la Secretar\u00eda de Seguridad y Protecci\u00f3n Ciudadana.<\/p>\n\n\n\n<p>Adem\u00e1s los miembros de la Conferencia Nacional de Seguridad P\u00fablica Municipal, se comprometieron a seguir impulsando el cumplimiento del Certificado \u00danico Policial, el Reclutamiento de cuerpos de seguridad municipales, la participaci\u00f3n en las Mesas de Construcci\u00f3n de la Paz regionales, adem\u00e1s de dar de alta usuarios para la ingesta del Registro Nacional de Detenciones.<\/p>\n","protected":false},"excerpt":{"rendered":"<p>Por: Staff | #NuevoLaredo #Laredo #NLD #Tamaulipas Con el objetivo de fortalecer las estrategias de seguridad, bienestar y trabajar de manera coordinada con los tres niveles de gobierno, la presidenta municipal, Carmen Lilia Canturosas estuvo en Boca del R\u00edo, Veracruz donde particip\u00f3 en la Conferencia Nacional de Seguridad P\u00fablica Municipal. En representaci\u00f3n del gobernador de &hellip;<\/p>\n","protected":false},"author":1,"featured_media":9697,"comment_status":"open","ping_status":"open","sticky":false,"template":"","format":"standard","meta":{"footnotes":""},"categories":[38],"tags":[],"class_list":["post-9695","post","type-post","status-publish","format-standard","has-post-thumbnail","","category-nuevo-laredo"],"_links":{"self":[{"href":"https:\/\/www.radiointeractivo.com.mx\/index.php?rest_route=\/wp\/v2\/posts\/9695","targetHints":{"allow":["GET"]}}],"collection":[{"href":"https:\/\/www.radiointeractivo.com.mx\/index.php?rest_route=\/wp\/v2\/posts"}],"about":[{"href":"https:\/\/www.radiointeractivo.com.mx\/index.php?rest_route=\/wp\/v2\/types\/post"}],"author":[{"embeddable":true,"href":"https:\/\/www.radiointeractivo.com.mx\/index.php?rest_route=\/wp\/v2\/users\/1"}],"replies":[{"embeddable":true,"href":"https:\/\/www.radiointeractivo.com.mx\/index.php?rest_route=%2Fwp%2Fv2%2Fcomments&post=9695"}],"version-history":[{"count":1,"href":"https:\/\/www.radiointeractivo.com.mx\/index.php?rest_route=\/wp\/v2\/posts\/9695\/revisions"}],"predecessor-version":[{"id":9698,"href":"https:\/\/www.radiointeractivo.com.mx\/index.php?rest_route=\/wp\/v2\/posts\/9695\/revisions\/9698"}],"wp:featuredmedia":[{"embeddable":true,"href":"https:\/\/www.radiointeractivo.com.mx\/index.php?rest_route=\/wp\/v2\/media\/9697"}],"wp:attachment":[{"href":"https:\/\/www.radiointeractivo.com.mx\/index.php?rest_route=%2Fwp%2Fv2%2Fmedia&parent=9695"}],"wp:term":[{"taxonomy":"category","embeddable":true,"href":"https:\/\/www.radiointeractivo.com.mx\/index.php?rest_route=%2Fwp%2Fv2%2Fcategories&post=9695"},{"taxonomy":"post_tag","embeddable":true,"href":"https:\/\/www.radiointeractivo.com.mx\/index.php?rest_route=%2Fwp%2Fv2%2Ftags&post=9695"}],"curies":[{"name":"wp","href":"https:\/\/api.w.org\/{rel}","templated":true}]}}