{"id":9692,"date":"2024-08-14T14:20:00","date_gmt":"2024-08-14T19:20:00","guid":{"rendered":"https:\/\/www.radiointeractivo.com.mx\/?p=9692"},"modified":"2024-08-14T14:20:02","modified_gmt":"2024-08-14T19:20:02","slug":"invita-imjuve-a-campechaneada-por-festejos-del-dia-internacional-de-la-juventud","status":"publish","type":"post","link":"https:\/\/www.radiointeractivo.com.mx\/?p=9692","title":{"rendered":"INVITA IMJUVE A CAMPECHANEADA POR FESTEJOS DEL D\u00cdA INTERNACIONAL DE LA JUVENTUD"},"content":{"rendered":"\n<figure class=\"wp-block-image size-large\"><img loading=\"lazy\" decoding=\"async\" width=\"1024\" height=\"682\" src=\"https:\/\/www.radiointeractivo.com.mx\/wp-content\/uploads\/2024\/08\/WhatsApp-Image-2024-08-14-at-2.00.54-PM-1024x682.jpeg\" alt=\"\" class=\"wp-image-9693\" srcset=\"https:\/\/www.radiointeractivo.com.mx\/wp-content\/uploads\/2024\/08\/WhatsApp-Image-2024-08-14-at-2.00.54-PM-1024x682.jpeg 1024w, https:\/\/www.radiointeractivo.com.mx\/wp-content\/uploads\/2024\/08\/WhatsApp-Image-2024-08-14-at-2.00.54-PM-300x200.jpeg 300w, https:\/\/www.radiointeractivo.com.mx\/wp-content\/uploads\/2024\/08\/WhatsApp-Image-2024-08-14-at-2.00.54-PM-768x512.jpeg 768w, https:\/\/www.radiointeractivo.com.mx\/wp-content\/uploads\/2024\/08\/WhatsApp-Image-2024-08-14-at-2.00.54-PM-310x205.jpeg 310w, https:\/\/www.radiointeractivo.com.mx\/wp-content\/uploads\/2024\/08\/WhatsApp-Image-2024-08-14-at-2.00.54-PM.jpeg 1280w\" sizes=\"auto, (max-width: 1024px) 100vw, 1024px\" \/><\/figure>\n\n\n\n<p>Por: Staff | #NuevoLaredo #Laredo #NLD #Tamaulipas<\/p>\n\n\n\n<p>El Gobierno de Nuevo Laredo, a trav\u00e9s del Instituto Municipal de la Juventud (IMJUVE), invita a participar a la Campechaneada que se realizar\u00e1 el s\u00e1bado 17 de agosto.<\/p>\n\n\n\n<p>Este evento, que forma parte de los festejos por el D\u00eda Internacional de la Juventud, abarcar\u00e1 la calle Campeche, del tramo de la avenida Guerrero hasta la Lerdo de Tejada, desde las 8:00 PM de ese d\u00eda.<\/p>\n\n\n\n<p>Ser\u00e1 la oportunidad de que las familias puedan disfrutar sanamente pues habr\u00e1 diversos stands de comida, productos, accesorios a precios muy accesibles.<\/p>\n\n\n\n<p>Para tal efecto, se contar\u00e1 con la participaci\u00f3n de m\u00e1s de 40 j\u00f3venes emprendedores locales, as\u00ed como un concierto por parte de bandas locales del g\u00e9nero regional mexicano, y exhibiciones vehiculares, de motociclistas, bicicletas lowrider, skaters.<\/p>\n\n\n\n<p>Como en todo evento se contar\u00e1 con el apoyo de dependencias municipales para garantizar la seguridad y disfrute de los asistentes a la Campechaneada.<\/p>\n","protected":false},"excerpt":{"rendered":"<p>Por: Staff | #NuevoLaredo #Laredo #NLD #Tamaulipas El Gobierno de Nuevo Laredo, a trav\u00e9s del Instituto Municipal de la Juventud (IMJUVE), invita a participar a la Campechaneada que se realizar\u00e1 el s\u00e1bado 17 de agosto. Este evento, que forma parte de los festejos por el D\u00eda Internacional de la Juventud, abarcar\u00e1 la calle Campeche, del &hellip;<\/p>\n","protected":false},"author":1,"featured_media":9693,"comment_status":"open","ping_status":"open","sticky":false,"template":"","format":"standard","meta":{"footnotes":""},"categories":[38],"tags":[],"class_list":["post-9692","post","type-post","status-publish","format-standard","has-post-thumbnail","","category-nuevo-laredo"],"_links":{"self":[{"href":"https:\/\/www.radiointeractivo.com.mx\/index.php?rest_route=\/wp\/v2\/posts\/9692","targetHints":{"allow":["GET"]}}],"collection":[{"href":"https:\/\/www.radiointeractivo.com.mx\/index.php?rest_route=\/wp\/v2\/posts"}],"about":[{"href":"https:\/\/www.radiointeractivo.com.mx\/index.php?rest_route=\/wp\/v2\/types\/post"}],"author":[{"embeddable":true,"href":"https:\/\/www.radiointeractivo.com.mx\/index.php?rest_route=\/wp\/v2\/users\/1"}],"replies":[{"embeddable":true,"href":"https:\/\/www.radiointeractivo.com.mx\/index.php?rest_route=%2Fwp%2Fv2%2Fcomments&post=9692"}],"version-history":[{"count":1,"href":"https:\/\/www.radiointeractivo.com.mx\/index.php?rest_route=\/wp\/v2\/posts\/9692\/revisions"}],"predecessor-version":[{"id":9694,"href":"https:\/\/www.radiointeractivo.com.mx\/index.php?rest_route=\/wp\/v2\/posts\/9692\/revisions\/9694"}],"wp:featuredmedia":[{"embeddable":true,"href":"https:\/\/www.radiointeractivo.com.mx\/index.php?rest_route=\/wp\/v2\/media\/9693"}],"wp:attachment":[{"href":"https:\/\/www.radiointeractivo.com.mx\/index.php?rest_route=%2Fwp%2Fv2%2Fmedia&parent=9692"}],"wp:term":[{"taxonomy":"category","embeddable":true,"href":"https:\/\/www.radiointeractivo.com.mx\/index.php?rest_route=%2Fwp%2Fv2%2Fcategories&post=9692"},{"taxonomy":"post_tag","embeddable":true,"href":"https:\/\/www.radiointeractivo.com.mx\/index.php?rest_route=%2Fwp%2Fv2%2Ftags&post=9692"}],"curies":[{"name":"wp","href":"https:\/\/api.w.org\/{rel}","templated":true}]}}