{"id":9674,"date":"2024-08-13T22:53:45","date_gmt":"2024-08-14T03:53:45","guid":{"rendered":"https:\/\/www.radiointeractivo.com.mx\/?p=9674"},"modified":"2024-08-13T22:53:46","modified_gmt":"2024-08-14T03:53:46","slug":"exhorta-sst-a-participar-en-la-jornada-nacional-de-salud-2024","status":"publish","type":"post","link":"https:\/\/www.radiointeractivo.com.mx\/?p=9674","title":{"rendered":"Exhorta SST a participar en la Jornada Nacional de Salud 2024"},"content":{"rendered":"\n<figure class=\"wp-block-image size-large\"><img loading=\"lazy\" decoding=\"async\" width=\"1024\" height=\"768\" src=\"https:\/\/www.radiointeractivo.com.mx\/wp-content\/uploads\/2024\/08\/WhatsApp-Image-2024-08-13-at-8.46.41-PM-1024x768.jpeg\" alt=\"\" class=\"wp-image-9675\" srcset=\"https:\/\/www.radiointeractivo.com.mx\/wp-content\/uploads\/2024\/08\/WhatsApp-Image-2024-08-13-at-8.46.41-PM-1024x768.jpeg 1024w, https:\/\/www.radiointeractivo.com.mx\/wp-content\/uploads\/2024\/08\/WhatsApp-Image-2024-08-13-at-8.46.41-PM-300x225.jpeg 300w, https:\/\/www.radiointeractivo.com.mx\/wp-content\/uploads\/2024\/08\/WhatsApp-Image-2024-08-13-at-8.46.41-PM-768x576.jpeg 768w, https:\/\/www.radiointeractivo.com.mx\/wp-content\/uploads\/2024\/08\/WhatsApp-Image-2024-08-13-at-8.46.41-PM.jpeg 1280w\" sizes=\"auto, (max-width: 1024px) 100vw, 1024px\" \/><\/figure>\n\n\n\n<p>Por: Agencias<\/p>\n\n\n\n<p>Ciudad Victoria, Tamaulipas.- La Secretar\u00eda de Salud de Tamaulipas y el programa de Vacunaci\u00f3n Universal, invitan a participar en las actividades de la Primera Jornada Nacional de Salud P\u00fablica que se llevan a cabo del 12 al 23 de agosto del presente a\u00f1o.<\/p>\n\n\n\n<p>Le piden a la poblaci\u00f3n que acudan para iniciar o completar los esquemas de vacunaci\u00f3n, para ni\u00f1os y ni\u00f1as desde su nacimiento hasta los 6 a\u00f1os de edad, con vacunas como: BCG, hexavalente, rotavirus, neumoc\u00f3cica, DPT, SRP, entre otras vacunas que protegen contra graves enfermedades.<\/p>\n\n\n\n<p>Para las mujeres embarazadas se cuenta las vacunas TDPA y COVID y los adultos de 60 a\u00f1os y m\u00e1s pueden acudir por su dosis de neumococo, influenza y COVID.<\/p>\n\n\n\n<p>Piden a las personas a que acudan con su familia, a la unidad de salud m\u00e1s cercana o los puestos de vacunaci\u00f3n que se ubican en lugares de mayor afluencia de personas y que est\u00e1n esper\u00e1ndolos para protegerte a ti y a los que m\u00e1s amas.<\/p>\n\n\n\n<p>Recuerden llevar la Cartilla Nacional de Salud para que registren sus dosis aplicadas; y si no tienen ah\u00ed le proporcionan una presentando su CURP.<\/p>\n\n\n\n<p>Cabe mencionar que la Jornada Nacional de Salud 2024, tiene como lema \u201c\u00a1Ponte a Mano con tu Salud!\u201d y tiene como objetivo cubrir las necesidades b\u00e1sicas de salud mental, activaci\u00f3n f\u00edsica, alimentaci\u00f3n saludable, vacunaci\u00f3n, embarazo, prevenci\u00f3n de c\u00e1ncer, entre otras acciones a favor del bienestar de la poblaci\u00f3n.<\/p>\n","protected":false},"excerpt":{"rendered":"<p>Por: Agencias Ciudad Victoria, Tamaulipas.- La Secretar\u00eda de Salud de Tamaulipas y el programa de Vacunaci\u00f3n Universal, invitan a participar en las actividades de la Primera Jornada Nacional de Salud P\u00fablica que se llevan a cabo del 12 al 23 de agosto del presente a\u00f1o. Le piden a la poblaci\u00f3n que acudan para iniciar o &hellip;<\/p>\n","protected":false},"author":1,"featured_media":9675,"comment_status":"open","ping_status":"open","sticky":false,"template":"","format":"standard","meta":{"footnotes":""},"categories":[39],"tags":[],"class_list":["post-9674","post","type-post","status-publish","format-standard","has-post-thumbnail","","category-tamaulipas"],"_links":{"self":[{"href":"https:\/\/www.radiointeractivo.com.mx\/index.php?rest_route=\/wp\/v2\/posts\/9674","targetHints":{"allow":["GET"]}}],"collection":[{"href":"https:\/\/www.radiointeractivo.com.mx\/index.php?rest_route=\/wp\/v2\/posts"}],"about":[{"href":"https:\/\/www.radiointeractivo.com.mx\/index.php?rest_route=\/wp\/v2\/types\/post"}],"author":[{"embeddable":true,"href":"https:\/\/www.radiointeractivo.com.mx\/index.php?rest_route=\/wp\/v2\/users\/1"}],"replies":[{"embeddable":true,"href":"https:\/\/www.radiointeractivo.com.mx\/index.php?rest_route=%2Fwp%2Fv2%2Fcomments&post=9674"}],"version-history":[{"count":1,"href":"https:\/\/www.radiointeractivo.com.mx\/index.php?rest_route=\/wp\/v2\/posts\/9674\/revisions"}],"predecessor-version":[{"id":9676,"href":"https:\/\/www.radiointeractivo.com.mx\/index.php?rest_route=\/wp\/v2\/posts\/9674\/revisions\/9676"}],"wp:featuredmedia":[{"embeddable":true,"href":"https:\/\/www.radiointeractivo.com.mx\/index.php?rest_route=\/wp\/v2\/media\/9675"}],"wp:attachment":[{"href":"https:\/\/www.radiointeractivo.com.mx\/index.php?rest_route=%2Fwp%2Fv2%2Fmedia&parent=9674"}],"wp:term":[{"taxonomy":"category","embeddable":true,"href":"https:\/\/www.radiointeractivo.com.mx\/index.php?rest_route=%2Fwp%2Fv2%2Fcategories&post=9674"},{"taxonomy":"post_tag","embeddable":true,"href":"https:\/\/www.radiointeractivo.com.mx\/index.php?rest_route=%2Fwp%2Fv2%2Ftags&post=9674"}],"curies":[{"name":"wp","href":"https:\/\/api.w.org\/{rel}","templated":true}]}}