{"id":9633,"date":"2024-08-12T17:58:01","date_gmt":"2024-08-12T22:58:01","guid":{"rendered":"https:\/\/www.radiointeractivo.com.mx\/?p=9633"},"modified":"2024-08-12T17:58:02","modified_gmt":"2024-08-12T22:58:02","slug":"anuncia-alcaldesa-carmen-lilia-canturosas-vuelo-diario-a-guadalajara-se-consolida-conectividad-con-ciudades-estrategicas","status":"publish","type":"post","link":"https:\/\/www.radiointeractivo.com.mx\/?p=9633","title":{"rendered":"ANUNCIA ALCALDESA CARMEN LILIA CANTUROSAS VUELO DIARIO A GUADALAJARA; SE CONSOLIDA CONECTIVIDAD CON CIUDADES ESTRAT\u00c9GICAS"},"content":{"rendered":"\n<figure class=\"wp-block-image size-large\"><img loading=\"lazy\" decoding=\"async\" width=\"1024\" height=\"682\" src=\"https:\/\/www.radiointeractivo.com.mx\/wp-content\/uploads\/2024\/08\/WhatsApp-Image-2024-08-12-at-4.12.46-PM-1024x682.jpeg\" alt=\"\" class=\"wp-image-9634\" srcset=\"https:\/\/www.radiointeractivo.com.mx\/wp-content\/uploads\/2024\/08\/WhatsApp-Image-2024-08-12-at-4.12.46-PM-1024x682.jpeg 1024w, https:\/\/www.radiointeractivo.com.mx\/wp-content\/uploads\/2024\/08\/WhatsApp-Image-2024-08-12-at-4.12.46-PM-300x200.jpeg 300w, https:\/\/www.radiointeractivo.com.mx\/wp-content\/uploads\/2024\/08\/WhatsApp-Image-2024-08-12-at-4.12.46-PM-768x512.jpeg 768w, https:\/\/www.radiointeractivo.com.mx\/wp-content\/uploads\/2024\/08\/WhatsApp-Image-2024-08-12-at-4.12.46-PM-310x205.jpeg 310w, https:\/\/www.radiointeractivo.com.mx\/wp-content\/uploads\/2024\/08\/WhatsApp-Image-2024-08-12-at-4.12.46-PM.jpeg 1280w\" sizes=\"auto, (max-width: 1024px) 100vw, 1024px\" \/><\/figure>\n\n\n\n<p>Por: Staff | #NuevoLaredo #Laredo #NLD #Tamaulipas<\/p>\n\n\n\n<p>Gracias al gran momento que vive Nuevo Laredo en materia de desarrollo econ\u00f3mico, la alcaldesa Carmen Lilia Canturosas Villarreal, inform\u00f3 que la aerol\u00ednea Viva Aerob\u00fas contar\u00e1 con vuelos diarios a la ciudad de Guadalajara, Jalisco a partir del primero de septiembre.<\/p>\n\n\n\n<p>En conferencia de prensa de Nuevo Laredo Comunica, asegur\u00f3 que debido a la buena aceptaci\u00f3n de dicho vuelo, la aerol\u00ednea opt\u00f3 por ampliar la frecuencia de vuelos, lo que a su vez propicia un crecimiento en materia de competitividad y desarrollo econ\u00f3mico.<\/p>\n\n\n\n<p>\u201cEstamos viviendo una nueva era de progreso y prosperidad, esto ha sido gracias al trabajo en conjunto de los tres niveles de gobierno, iniciativa privada y sociedad, con quienes hemos sentado las bases de esta transformaci\u00f3n que pone a la ciudad en los ojos del mundo\u201d, se\u00f1al\u00f3.<\/p>\n\n\n\n<p>Recalc\u00f3 que con todos los proyectos estrat\u00e9gicos en puerta como la Agencia Nacional de Aduanas de M\u00e9xico (ANAM) y el nuevo puente internacional ferroviario, Nuevo Laredo se mantendr\u00e1 como un referente en desarrollo econ\u00f3mico.<\/p>\n\n\n\n<p>Gracias a la confianza de inversionistas y la demanda que presentan los neolaredenses en los vuelos, la Administraci\u00f3n Municipal 2021-2024 gestion\u00f3 la llegada de Viva Aerob\u00fas, adem\u00e1s de Mexicana de Aviaci\u00f3n que lleg\u00f3 por la buena relaci\u00f3n que existe con el Gobierno Federal.<\/p>\n\n\n\n<p>Esta ruta con escala t\u00e9cnica en el Aeropuerto Internacional Felipe \u00c1ngeles de la Ciudad de M\u00e9xico, sal\u00eda los d\u00edas lunes, martes, jueves, viernes y s\u00e1bado con espacio para 186 pasajeros; ahora ser\u00e1n vuelos diarios con las mismas capacidades.<\/p>\n\n\n\n<p>Estas nuevas opciones se suman a las que ya ofrece Aerom\u00e9xico, lo que resulta en m\u00e1s de 15 vuelos hacia Victoria, Guadalajara y Ciudad M\u00e9xico que existen en el Aeropuerto Internacional \u201cQuetzalc\u00f3atl\u201d.<\/p>\n\n\n\n<p>Esto se suma a los vuelos diarios por parte de Aerom\u00e9xico y los que ofrece Mexicana de Aviaci\u00f3n los martes, jueves y s\u00e1bado a Ciudad de M\u00e9xico y a la capital del estado, Ciudad Victoria.<\/p>\n\n\n\n<p>Cabe destacar que por muchas d\u00e9cadas Nuevo Laredo cont\u00f3 con un s\u00f3lo vuelo a la Ciudad de M\u00e9xico, fue hasta la actual administraci\u00f3n que se gestion\u00f3 la llegada de un nueva aerol\u00ednea y la opci\u00f3n de contar con otros destinos.<\/p>\n\n\n\n<p>Adem\u00e1s de la llegada de Viva Aerobus, gracias a la buena relaci\u00f3n que existe con el Gobierno Federal, se concret\u00f3 la llegada de Mexicana, aerol\u00ednea que trajo un vuelo a la capital del estado, Ciudad Victoria y al Aeropuerto Internacional \u201cFelipe \u00c1ngeles\u201d.<\/p>\n","protected":false},"excerpt":{"rendered":"<p>Por: Staff | #NuevoLaredo #Laredo #NLD #Tamaulipas Gracias al gran momento que vive Nuevo Laredo en materia de desarrollo econ\u00f3mico, la alcaldesa Carmen Lilia Canturosas Villarreal, inform\u00f3 que la aerol\u00ednea Viva Aerob\u00fas contar\u00e1 con vuelos diarios a la ciudad de Guadalajara, Jalisco a partir del primero de septiembre. En conferencia de prensa de Nuevo Laredo &hellip;<\/p>\n","protected":false},"author":1,"featured_media":9634,"comment_status":"open","ping_status":"open","sticky":false,"template":"","format":"standard","meta":{"footnotes":""},"categories":[38],"tags":[],"class_list":["post-9633","post","type-post","status-publish","format-standard","has-post-thumbnail","","category-nuevo-laredo"],"_links":{"self":[{"href":"https:\/\/www.radiointeractivo.com.mx\/index.php?rest_route=\/wp\/v2\/posts\/9633","targetHints":{"allow":["GET"]}}],"collection":[{"href":"https:\/\/www.radiointeractivo.com.mx\/index.php?rest_route=\/wp\/v2\/posts"}],"about":[{"href":"https:\/\/www.radiointeractivo.com.mx\/index.php?rest_route=\/wp\/v2\/types\/post"}],"author":[{"embeddable":true,"href":"https:\/\/www.radiointeractivo.com.mx\/index.php?rest_route=\/wp\/v2\/users\/1"}],"replies":[{"embeddable":true,"href":"https:\/\/www.radiointeractivo.com.mx\/index.php?rest_route=%2Fwp%2Fv2%2Fcomments&post=9633"}],"version-history":[{"count":1,"href":"https:\/\/www.radiointeractivo.com.mx\/index.php?rest_route=\/wp\/v2\/posts\/9633\/revisions"}],"predecessor-version":[{"id":9635,"href":"https:\/\/www.radiointeractivo.com.mx\/index.php?rest_route=\/wp\/v2\/posts\/9633\/revisions\/9635"}],"wp:featuredmedia":[{"embeddable":true,"href":"https:\/\/www.radiointeractivo.com.mx\/index.php?rest_route=\/wp\/v2\/media\/9634"}],"wp:attachment":[{"href":"https:\/\/www.radiointeractivo.com.mx\/index.php?rest_route=%2Fwp%2Fv2%2Fmedia&parent=9633"}],"wp:term":[{"taxonomy":"category","embeddable":true,"href":"https:\/\/www.radiointeractivo.com.mx\/index.php?rest_route=%2Fwp%2Fv2%2Fcategories&post=9633"},{"taxonomy":"post_tag","embeddable":true,"href":"https:\/\/www.radiointeractivo.com.mx\/index.php?rest_route=%2Fwp%2Fv2%2Ftags&post=9633"}],"curies":[{"name":"wp","href":"https:\/\/api.w.org\/{rel}","templated":true}]}}