{"id":9630,"date":"2024-08-12T15:00:40","date_gmt":"2024-08-12T20:00:40","guid":{"rendered":"https:\/\/www.radiointeractivo.com.mx\/?p=9630"},"modified":"2024-08-12T15:00:41","modified_gmt":"2024-08-12T20:00:41","slug":"sera-nuevo-laredo-sede-en-la-15a-reunion-estatal-del-semaforo-del-agua","status":"publish","type":"post","link":"https:\/\/www.radiointeractivo.com.mx\/?p=9630","title":{"rendered":"SER\u00c1 NUEVO LAREDO SEDE EN LA 15\u00aa REUNI\u00d3N ESTATAL DEL SEM\u00c1FORO DEL AGUA"},"content":{"rendered":"\n<figure class=\"wp-block-image size-large\"><img loading=\"lazy\" decoding=\"async\" width=\"1024\" height=\"768\" src=\"https:\/\/www.radiointeractivo.com.mx\/wp-content\/uploads\/2024\/08\/WhatsApp-Image-2024-08-12-at-2.34.15-PM-1024x768.jpeg\" alt=\"\" class=\"wp-image-9631\" srcset=\"https:\/\/www.radiointeractivo.com.mx\/wp-content\/uploads\/2024\/08\/WhatsApp-Image-2024-08-12-at-2.34.15-PM-1024x768.jpeg 1024w, https:\/\/www.radiointeractivo.com.mx\/wp-content\/uploads\/2024\/08\/WhatsApp-Image-2024-08-12-at-2.34.15-PM-300x225.jpeg 300w, https:\/\/www.radiointeractivo.com.mx\/wp-content\/uploads\/2024\/08\/WhatsApp-Image-2024-08-12-at-2.34.15-PM-768x576.jpeg 768w, https:\/\/www.radiointeractivo.com.mx\/wp-content\/uploads\/2024\/08\/WhatsApp-Image-2024-08-12-at-2.34.15-PM.jpeg 1280w\" sizes=\"auto, (max-width: 1024px) 100vw, 1024px\" \/><\/figure>\n\n\n\n<p>Por: Staff | #NuevoLaredo #Laredo #NLD #Tamaulipas<\/p>\n\n\n\n<p>Este pr\u00f3ximo jueves 15 de agosto, Nuevo Laredo ser\u00e1 sede de la d\u00e9cima quinta reuni\u00f3n ordinaria del Comit\u00e9 de Seguimiento y Evaluaci\u00f3n del Sem\u00e1foro del Cuidado del Agua, donde se conocer\u00e1n los avances y pol\u00edticas a seguir para el cuidado del vital l\u00edquido.<\/p>\n\n\n\n<p>En este importante evento se contar\u00e1 con la presencia del secretario de Recursos Hidr\u00e1ulicos para el Desarrollo Social del Estado, Ra\u00fal Quiroga \u00c1lvarez; la alcaldesa de Nuevo Laredo, Carmen Lilia Canturosas; la gerente general de Comisi\u00f3n Municipal de Agua y Alcantarillado (COMAPA) de Nuevo Laredo, Silvia Fern\u00e1ndez Gallardo; as\u00ed como representantes de la Comisi\u00f3n Internacional de L\u00edmites y Aguas (CILA); Comisi\u00f3n Nacional del Agua (CONAGUA), y los gerentes generales de las diferentes COMAPA de Tamaulipas.<\/p>\n\n\n\n<p>\u201cEstamos muy contentos de recibirlos y poder ser anfitriones en esta reuni\u00f3n tan importante con respecto al agua, aprovecharemos esta oportunidad para llevarlos a dar un recorrido a nuestra Planta Tratadora\u201d, se\u00f1al\u00f3 Silvia Fernpandez Gallardo, gerente de la COMAPA Nuevo Laredo.<\/p>\n\n\n\n<p>Agreg\u00f3 la funcionaria que este evento servir\u00e1 para estrechar la relaci\u00f3n con los diferentes organismos operadores, las secretar\u00edas estatales y continuar trabajando en equipo para el mejor funcionamiento de la dependencia y administrar los recursos para mantener un buen servicio a la ciudadan\u00eda.<\/p>\n\n\n\n<p>El tema principal de la reuni\u00f3n ser\u00e1 la revisi\u00f3n de la situaci\u00f3n de la sequ\u00eda extrema en la regi\u00f3n y los descensos de niveles del agua y as\u00ed continuar trabajando en la implementaci\u00f3n de las acciones necesarias para cuidar, hacer uso racional y evitar el desperdicio del capital h\u00eddrico.<\/p>\n\n\n\n<p>La COMAPA Nuevo Laredo invita a visitar sus medios de difusi\u00f3n, redes sociales oficiales para mantenerse informado en los diferentes temas que competen al organismo que son de gran utilidad para los usuarios.<\/p>\n","protected":false},"excerpt":{"rendered":"<p>Por: Staff | #NuevoLaredo #Laredo #NLD #Tamaulipas Este pr\u00f3ximo jueves 15 de agosto, Nuevo Laredo ser\u00e1 sede de la d\u00e9cima quinta reuni\u00f3n ordinaria del Comit\u00e9 de Seguimiento y Evaluaci\u00f3n del Sem\u00e1foro del Cuidado del Agua, donde se conocer\u00e1n los avances y pol\u00edticas a seguir para el cuidado del vital l\u00edquido. En este importante evento se &hellip;<\/p>\n","protected":false},"author":1,"featured_media":9631,"comment_status":"open","ping_status":"open","sticky":false,"template":"","format":"standard","meta":{"footnotes":""},"categories":[39],"tags":[],"class_list":["post-9630","post","type-post","status-publish","format-standard","has-post-thumbnail","","category-tamaulipas"],"_links":{"self":[{"href":"https:\/\/www.radiointeractivo.com.mx\/index.php?rest_route=\/wp\/v2\/posts\/9630","targetHints":{"allow":["GET"]}}],"collection":[{"href":"https:\/\/www.radiointeractivo.com.mx\/index.php?rest_route=\/wp\/v2\/posts"}],"about":[{"href":"https:\/\/www.radiointeractivo.com.mx\/index.php?rest_route=\/wp\/v2\/types\/post"}],"author":[{"embeddable":true,"href":"https:\/\/www.radiointeractivo.com.mx\/index.php?rest_route=\/wp\/v2\/users\/1"}],"replies":[{"embeddable":true,"href":"https:\/\/www.radiointeractivo.com.mx\/index.php?rest_route=%2Fwp%2Fv2%2Fcomments&post=9630"}],"version-history":[{"count":1,"href":"https:\/\/www.radiointeractivo.com.mx\/index.php?rest_route=\/wp\/v2\/posts\/9630\/revisions"}],"predecessor-version":[{"id":9632,"href":"https:\/\/www.radiointeractivo.com.mx\/index.php?rest_route=\/wp\/v2\/posts\/9630\/revisions\/9632"}],"wp:featuredmedia":[{"embeddable":true,"href":"https:\/\/www.radiointeractivo.com.mx\/index.php?rest_route=\/wp\/v2\/media\/9631"}],"wp:attachment":[{"href":"https:\/\/www.radiointeractivo.com.mx\/index.php?rest_route=%2Fwp%2Fv2%2Fmedia&parent=9630"}],"wp:term":[{"taxonomy":"category","embeddable":true,"href":"https:\/\/www.radiointeractivo.com.mx\/index.php?rest_route=%2Fwp%2Fv2%2Fcategories&post=9630"},{"taxonomy":"post_tag","embeddable":true,"href":"https:\/\/www.radiointeractivo.com.mx\/index.php?rest_route=%2Fwp%2Fv2%2Ftags&post=9630"}],"curies":[{"name":"wp","href":"https:\/\/api.w.org\/{rel}","templated":true}]}}