{"id":9590,"date":"2024-08-12T00:27:35","date_gmt":"2024-08-12T05:27:35","guid":{"rendered":"https:\/\/www.radiointeractivo.com.mx\/?p=9590"},"modified":"2024-08-12T00:27:36","modified_gmt":"2024-08-12T05:27:36","slug":"viven-deportistas-primer-torneo-de-flag-football-laredo-bowl-2024","status":"publish","type":"post","link":"https:\/\/www.radiointeractivo.com.mx\/?p=9590","title":{"rendered":"VIVEN DEPORTISTAS PRIMER TORNEO DE FLAG FOOTBALL \u201cLAREDO BOWL 2024\u201d"},"content":{"rendered":"\n<figure class=\"wp-block-image size-large\"><img loading=\"lazy\" decoding=\"async\" width=\"1024\" height=\"682\" src=\"https:\/\/www.radiointeractivo.com.mx\/wp-content\/uploads\/2024\/08\/WhatsApp-Image-2024-08-10-at-2.11.28-PM-1024x682.jpeg\" alt=\"\" class=\"wp-image-9591\" srcset=\"https:\/\/www.radiointeractivo.com.mx\/wp-content\/uploads\/2024\/08\/WhatsApp-Image-2024-08-10-at-2.11.28-PM-1024x682.jpeg 1024w, https:\/\/www.radiointeractivo.com.mx\/wp-content\/uploads\/2024\/08\/WhatsApp-Image-2024-08-10-at-2.11.28-PM-300x200.jpeg 300w, https:\/\/www.radiointeractivo.com.mx\/wp-content\/uploads\/2024\/08\/WhatsApp-Image-2024-08-10-at-2.11.28-PM-768x512.jpeg 768w, https:\/\/www.radiointeractivo.com.mx\/wp-content\/uploads\/2024\/08\/WhatsApp-Image-2024-08-10-at-2.11.28-PM-310x205.jpeg 310w, https:\/\/www.radiointeractivo.com.mx\/wp-content\/uploads\/2024\/08\/WhatsApp-Image-2024-08-10-at-2.11.28-PM.jpeg 1280w\" sizes=\"auto, (max-width: 1024px) 100vw, 1024px\" \/><\/figure>\n\n\n\n<p>Por: Staff | #NuevoLaredo #Laredo #NLD #Tamaulipas<\/p>\n\n\n\n<p>Una gran fiesta deportiva se vivi\u00f3 en la primera edici\u00f3n del \u201cLaredo Bowl 2024\u201d, organizado por el Gobierno Municipal con el objetivo de impulsar y fortalecer el deporte en la ciudad.<\/p>\n\n\n\n<p>Fue en la Unidad Deportiva \u201cBenito Ju\u00e1rez\u201d en punto de las 8:00 de la ma\u00f1ana donde inici\u00f3 este emocionante torneo en el que hay categor\u00edas varonil, femenil y mixto.<\/p>\n\n\n\n<p>\u201cEstamos muy contentos con este primer torneo de flag football, una disciplina que nuestra alcaldesa Carmen Lilia Canturosas tambi\u00e9n est\u00e1 dando bastante apoyo e impulso\u201d, indic\u00f3 Salom\u00f3n Valencia Hinojosa, director de Cultura F\u00edsica y Deporte.<\/p>\n\n\n\n<p>Explic\u00f3 que la idea es que esta rama del deporte tenga m\u00e1s crecimiento en la ciudad, sean m\u00e1s ciudadanos los que se animen a practicarlo y que se quede instituido como algo tradicional de Nuevo Laredo.<\/p>\n\n\n\n<p>\u201cVemos muy felices a los participantes, est\u00e1n muy agradecidos con la presidenta municipal por el apoyo que se les est\u00e1 dando, el deporte ha sido una de las principales fortalezas de la administraci\u00f3n\u201d, declar\u00f3 el funcionario municipal.<\/p>\n\n\n\n<p>Las semifinales y finales ser\u00e1n este domingo en el parque \u201cPen\u00ednsula el Laguito\u201d justo en la cancha de tochito, la primera que hay en la ciudad y que fue construida por el actual Gobierno Municipal.<\/p>\n\n\n\n<p>Cabe destacar que el torneo no tuvo costo de inscripci\u00f3n, adem\u00e1s que habr\u00e1 un premio econ\u00f3mico para los ganadores de cada categor\u00eda.<\/p>\n\n\n\n<p>La disciplina flag football ser\u00e1 parte de las Olimpiadas del 2028 en Los \u00c1ngeles por lo que ser\u00eda de gran orgullo que un neolaredense forme parte del equipo que represente a M\u00e9xico.<\/p>\n\n\n\n<p>Tambi\u00e9n por medio de la direcci\u00f3n de Cultura F\u00edsica y Deporte se ha brindado durante esta administraci\u00f3n apoyo psicol\u00f3gico, nutricional y fisioterap\u00e9utico a los deportistas para detectar talentos, darles las herramientas posibles para que tengan un gran crecimiento deportivo.<\/p>\n\n\n\n<p>Los equipos que fueron parten de la primera edici\u00f3n de \u201cLaredo Bowl 2024\u201d, son Iluminaty, Titanes, \u00c1tomos, Texanos, Hateful, Avengers, Piratas, Hooters, Vipers, Texanas, Raiders, Warriors,Tritones, Pitbulls, Toxic, Raiders, Red Flags, Espartanos y Underdogs.<\/p>\n\n\n\n<p>Durante este evento estuvieron presentes Carolina Mart\u00ednez, coordinadora de Cultura F\u00edsica y Deporte; Salvador Cabrera, ex seleccionado nacional de Flag football 2023; y \u00d3scar de Jes\u00fas Crespo, coordinador general de \u00e1rbitros.<\/p>\n","protected":false},"excerpt":{"rendered":"<p>Por: Staff | #NuevoLaredo #Laredo #NLD #Tamaulipas Una gran fiesta deportiva se vivi\u00f3 en la primera edici\u00f3n del \u201cLaredo Bowl 2024\u201d, organizado por el Gobierno Municipal con el objetivo de impulsar y fortalecer el deporte en la ciudad. Fue en la Unidad Deportiva \u201cBenito Ju\u00e1rez\u201d en punto de las 8:00 de la ma\u00f1ana donde inici\u00f3 &hellip;<\/p>\n","protected":false},"author":1,"featured_media":9592,"comment_status":"open","ping_status":"open","sticky":false,"template":"","format":"standard","meta":{"footnotes":""},"categories":[38],"tags":[],"class_list":["post-9590","post","type-post","status-publish","format-standard","has-post-thumbnail","","category-nuevo-laredo"],"_links":{"self":[{"href":"https:\/\/www.radiointeractivo.com.mx\/index.php?rest_route=\/wp\/v2\/posts\/9590","targetHints":{"allow":["GET"]}}],"collection":[{"href":"https:\/\/www.radiointeractivo.com.mx\/index.php?rest_route=\/wp\/v2\/posts"}],"about":[{"href":"https:\/\/www.radiointeractivo.com.mx\/index.php?rest_route=\/wp\/v2\/types\/post"}],"author":[{"embeddable":true,"href":"https:\/\/www.radiointeractivo.com.mx\/index.php?rest_route=\/wp\/v2\/users\/1"}],"replies":[{"embeddable":true,"href":"https:\/\/www.radiointeractivo.com.mx\/index.php?rest_route=%2Fwp%2Fv2%2Fcomments&post=9590"}],"version-history":[{"count":1,"href":"https:\/\/www.radiointeractivo.com.mx\/index.php?rest_route=\/wp\/v2\/posts\/9590\/revisions"}],"predecessor-version":[{"id":9593,"href":"https:\/\/www.radiointeractivo.com.mx\/index.php?rest_route=\/wp\/v2\/posts\/9590\/revisions\/9593"}],"wp:featuredmedia":[{"embeddable":true,"href":"https:\/\/www.radiointeractivo.com.mx\/index.php?rest_route=\/wp\/v2\/media\/9592"}],"wp:attachment":[{"href":"https:\/\/www.radiointeractivo.com.mx\/index.php?rest_route=%2Fwp%2Fv2%2Fmedia&parent=9590"}],"wp:term":[{"taxonomy":"category","embeddable":true,"href":"https:\/\/www.radiointeractivo.com.mx\/index.php?rest_route=%2Fwp%2Fv2%2Fcategories&post=9590"},{"taxonomy":"post_tag","embeddable":true,"href":"https:\/\/www.radiointeractivo.com.mx\/index.php?rest_route=%2Fwp%2Fv2%2Ftags&post=9590"}],"curies":[{"name":"wp","href":"https:\/\/api.w.org\/{rel}","templated":true}]}}