{"id":9571,"date":"2024-08-12T00:06:18","date_gmt":"2024-08-12T05:06:18","guid":{"rendered":"https:\/\/www.radiointeractivo.com.mx\/?p=9571"},"modified":"2024-08-12T00:06:19","modified_gmt":"2024-08-12T05:06:19","slug":"toma-protesta-nuevo-comite-del-sindicato-de-trabajadores-al-servicio-de-comapa-nld","status":"publish","type":"post","link":"https:\/\/www.radiointeractivo.com.mx\/?p=9571","title":{"rendered":"TOMA PROTESTA NUEVO COMIT\u00c9 DEL SINDICATO DE TRABAJADORES AL SERVICIO DE COMAPA NLD"},"content":{"rendered":"\n<figure class=\"wp-block-image size-large\"><img loading=\"lazy\" decoding=\"async\" width=\"1024\" height=\"768\" src=\"https:\/\/www.radiointeractivo.com.mx\/wp-content\/uploads\/2024\/08\/WhatsApp-Image-2024-08-09-at-2.08.36-PM-1024x768.jpeg\" alt=\"\" class=\"wp-image-9572\" srcset=\"https:\/\/www.radiointeractivo.com.mx\/wp-content\/uploads\/2024\/08\/WhatsApp-Image-2024-08-09-at-2.08.36-PM-1024x768.jpeg 1024w, https:\/\/www.radiointeractivo.com.mx\/wp-content\/uploads\/2024\/08\/WhatsApp-Image-2024-08-09-at-2.08.36-PM-300x225.jpeg 300w, https:\/\/www.radiointeractivo.com.mx\/wp-content\/uploads\/2024\/08\/WhatsApp-Image-2024-08-09-at-2.08.36-PM-768x576.jpeg 768w, https:\/\/www.radiointeractivo.com.mx\/wp-content\/uploads\/2024\/08\/WhatsApp-Image-2024-08-09-at-2.08.36-PM-1536x1152.jpeg 1536w, https:\/\/www.radiointeractivo.com.mx\/wp-content\/uploads\/2024\/08\/WhatsApp-Image-2024-08-09-at-2.08.36-PM.jpeg 1600w\" sizes=\"auto, (max-width: 1024px) 100vw, 1024px\" \/><\/figure>\n\n\n\n<p>El Sindicato de Trabajadores al servicio de la Comisi\u00f3n Municipal de Agua Potable y Alcantarillado de Nuevo Laredo, realiz\u00f3 este jueves 08 de agosto la toma de protesta como el nuevo comit\u00e9 ejecutivo 2024-2027.<\/p>\n\n\n\n<p>Este nuevo comit\u00e9 representante del sindicato fue elegido a trav\u00e9s de votaciones llevadas a cabo el pasado 17 de julio del presente a\u00f1o, en donde result\u00f3 electo por amplio margen la planilla morada, dejando como nuevo Secretario General a Alberto Espinoza Valdez y como Secretario de Trabajo, Victor Ram\u00edrez e integrado por dem\u00e1s personal del organismo operador.<\/p>\n\n\n\n<p>\u201cEsta planilla es para ustedes y trabajar por ustedes, venimos a hacer las cosas bien, agradezco a nuestros Gerentes por acompa\u00f1arnos esta noche, estamos en la disposici\u00f3n de trabajar en equipo, en conjunto para sacar adelante a la COMAPA, para que a todos nos vaya bien, gracias compa\u00f1eros\u201d expres\u00f3 el ahora Secretario General, Alberto Espinoza.<\/p>\n\n\n\n<p>Cabe destacar que en la toma de protesta estuvo presente el organismo operador a trav\u00e9s de la Gerencia General, T\u00e9cnica, Comercial y Administrativa Financiera, refrendando el firme compromiso de sumar y trabajar de la mano con la finalidad de continuar cumpliendo con la visi\u00f3n y misi\u00f3n de brindar un servicio de calidad a los usuarios y velando por el bienestar e integridad de todos los colaboradores que son parte de COMAPA y que hacen posible las mejoras trazadas mediante su trabajo diario.<\/p>\n","protected":false},"excerpt":{"rendered":"<p>El Sindicato de Trabajadores al servicio de la Comisi\u00f3n Municipal de Agua Potable y Alcantarillado de Nuevo Laredo, realiz\u00f3 este jueves 08 de agosto la toma de protesta como el nuevo comit\u00e9 ejecutivo 2024-2027. Este nuevo comit\u00e9 representante del sindicato fue elegido a trav\u00e9s de votaciones llevadas a cabo el pasado 17 de julio del &hellip;<\/p>\n","protected":false},"author":1,"featured_media":9572,"comment_status":"open","ping_status":"open","sticky":false,"template":"","format":"standard","meta":{"footnotes":""},"categories":[38],"tags":[],"class_list":["post-9571","post","type-post","status-publish","format-standard","has-post-thumbnail","","category-nuevo-laredo"],"_links":{"self":[{"href":"https:\/\/www.radiointeractivo.com.mx\/index.php?rest_route=\/wp\/v2\/posts\/9571","targetHints":{"allow":["GET"]}}],"collection":[{"href":"https:\/\/www.radiointeractivo.com.mx\/index.php?rest_route=\/wp\/v2\/posts"}],"about":[{"href":"https:\/\/www.radiointeractivo.com.mx\/index.php?rest_route=\/wp\/v2\/types\/post"}],"author":[{"embeddable":true,"href":"https:\/\/www.radiointeractivo.com.mx\/index.php?rest_route=\/wp\/v2\/users\/1"}],"replies":[{"embeddable":true,"href":"https:\/\/www.radiointeractivo.com.mx\/index.php?rest_route=%2Fwp%2Fv2%2Fcomments&post=9571"}],"version-history":[{"count":1,"href":"https:\/\/www.radiointeractivo.com.mx\/index.php?rest_route=\/wp\/v2\/posts\/9571\/revisions"}],"predecessor-version":[{"id":9573,"href":"https:\/\/www.radiointeractivo.com.mx\/index.php?rest_route=\/wp\/v2\/posts\/9571\/revisions\/9573"}],"wp:featuredmedia":[{"embeddable":true,"href":"https:\/\/www.radiointeractivo.com.mx\/index.php?rest_route=\/wp\/v2\/media\/9572"}],"wp:attachment":[{"href":"https:\/\/www.radiointeractivo.com.mx\/index.php?rest_route=%2Fwp%2Fv2%2Fmedia&parent=9571"}],"wp:term":[{"taxonomy":"category","embeddable":true,"href":"https:\/\/www.radiointeractivo.com.mx\/index.php?rest_route=%2Fwp%2Fv2%2Fcategories&post=9571"},{"taxonomy":"post_tag","embeddable":true,"href":"https:\/\/www.radiointeractivo.com.mx\/index.php?rest_route=%2Fwp%2Fv2%2Ftags&post=9571"}],"curies":[{"name":"wp","href":"https:\/\/api.w.org\/{rel}","templated":true}]}}