{"id":9564,"date":"2024-08-08T16:58:27","date_gmt":"2024-08-08T21:58:27","guid":{"rendered":"https:\/\/www.radiointeractivo.com.mx\/?p=9564"},"modified":"2024-08-08T16:58:28","modified_gmt":"2024-08-08T21:58:28","slug":"capacitara-secretaria-de-finanzas-a-las-y-los-nuevos-alcaldes-de-tamaulipas","status":"publish","type":"post","link":"https:\/\/www.radiointeractivo.com.mx\/?p=9564","title":{"rendered":"Capacitar\u00e1 Secretar\u00eda de Finanzas a las y los nuevos alcaldes de Tamaulipas"},"content":{"rendered":"\n<figure class=\"wp-block-image size-large\"><img loading=\"lazy\" decoding=\"async\" width=\"1024\" height=\"761\" src=\"https:\/\/www.radiointeractivo.com.mx\/wp-content\/uploads\/2024\/08\/WhatsApp-Image-2024-08-08-at-4.53.05-PM-1024x761.jpeg\" alt=\"\" class=\"wp-image-9565\" srcset=\"https:\/\/www.radiointeractivo.com.mx\/wp-content\/uploads\/2024\/08\/WhatsApp-Image-2024-08-08-at-4.53.05-PM-1024x761.jpeg 1024w, https:\/\/www.radiointeractivo.com.mx\/wp-content\/uploads\/2024\/08\/WhatsApp-Image-2024-08-08-at-4.53.05-PM-300x223.jpeg 300w, https:\/\/www.radiointeractivo.com.mx\/wp-content\/uploads\/2024\/08\/WhatsApp-Image-2024-08-08-at-4.53.05-PM-768x571.jpeg 768w, https:\/\/www.radiointeractivo.com.mx\/wp-content\/uploads\/2024\/08\/WhatsApp-Image-2024-08-08-at-4.53.05-PM-1536x1141.jpeg 1536w, https:\/\/www.radiointeractivo.com.mx\/wp-content\/uploads\/2024\/08\/WhatsApp-Image-2024-08-08-at-4.53.05-PM.jpeg 1599w\" sizes=\"auto, (max-width: 1024px) 100vw, 1024px\" \/><\/figure>\n\n\n\n<p>Por: Agencias<\/p>\n\n\n\n<p>Ciudad Victoria, Tamaulipas.-Las y los nuevos alcaldes y tesoreros municipales de Tamaulipas, recibir\u00e1n un curso de capacitaci\u00f3n en materia fiscal, inform\u00f3 la secretaria de Finanzas del gobierno estatal, Adriana Lozano Rodr\u00edguez.<\/p>\n\n\n\n<p>\u201cQueremos capacitar en materia fiscal a los nuevos gobiernos locales que iniciar\u00e1n actividades el pr\u00f3ximo 01 de octubre; y que con ello, tengan manejo \u00f3ptimo de los recursos p\u00fablicos para beneficio de las y los ciudadanos de sus municipios, los ayudaremos a tener unas finanzas sanas y responsables\u201d, detall\u00f3.<\/p>\n\n\n\n<p>De igual modo explic\u00f3 que la Secretar\u00eda de Finanzas a su cargo, ha estado tambi\u00e9n pendiente y trabajando con honestidad por las arcas estatales lo que, \u201cha dado como resultado que Tamaulipas obtenga mejores calificaciones crediticias por parte de agencias internacionales como HR Ratings y de Fitch Ratings\u201d, finaliz\u00f3.<\/p>\n","protected":false},"excerpt":{"rendered":"<p>Por: Agencias Ciudad Victoria, Tamaulipas.-Las y los nuevos alcaldes y tesoreros municipales de Tamaulipas, recibir\u00e1n un curso de capacitaci\u00f3n en materia fiscal, inform\u00f3 la secretaria de Finanzas del gobierno estatal, Adriana Lozano Rodr\u00edguez. \u201cQueremos capacitar en materia fiscal a los nuevos gobiernos locales que iniciar\u00e1n actividades el pr\u00f3ximo 01 de octubre; y que con ello, &hellip;<\/p>\n","protected":false},"author":1,"featured_media":9565,"comment_status":"open","ping_status":"open","sticky":false,"template":"","format":"standard","meta":{"footnotes":""},"categories":[39],"tags":[],"class_list":["post-9564","post","type-post","status-publish","format-standard","has-post-thumbnail","","category-tamaulipas"],"_links":{"self":[{"href":"https:\/\/www.radiointeractivo.com.mx\/index.php?rest_route=\/wp\/v2\/posts\/9564","targetHints":{"allow":["GET"]}}],"collection":[{"href":"https:\/\/www.radiointeractivo.com.mx\/index.php?rest_route=\/wp\/v2\/posts"}],"about":[{"href":"https:\/\/www.radiointeractivo.com.mx\/index.php?rest_route=\/wp\/v2\/types\/post"}],"author":[{"embeddable":true,"href":"https:\/\/www.radiointeractivo.com.mx\/index.php?rest_route=\/wp\/v2\/users\/1"}],"replies":[{"embeddable":true,"href":"https:\/\/www.radiointeractivo.com.mx\/index.php?rest_route=%2Fwp%2Fv2%2Fcomments&post=9564"}],"version-history":[{"count":1,"href":"https:\/\/www.radiointeractivo.com.mx\/index.php?rest_route=\/wp\/v2\/posts\/9564\/revisions"}],"predecessor-version":[{"id":9566,"href":"https:\/\/www.radiointeractivo.com.mx\/index.php?rest_route=\/wp\/v2\/posts\/9564\/revisions\/9566"}],"wp:featuredmedia":[{"embeddable":true,"href":"https:\/\/www.radiointeractivo.com.mx\/index.php?rest_route=\/wp\/v2\/media\/9565"}],"wp:attachment":[{"href":"https:\/\/www.radiointeractivo.com.mx\/index.php?rest_route=%2Fwp%2Fv2%2Fmedia&parent=9564"}],"wp:term":[{"taxonomy":"category","embeddable":true,"href":"https:\/\/www.radiointeractivo.com.mx\/index.php?rest_route=%2Fwp%2Fv2%2Fcategories&post=9564"},{"taxonomy":"post_tag","embeddable":true,"href":"https:\/\/www.radiointeractivo.com.mx\/index.php?rest_route=%2Fwp%2Fv2%2Ftags&post=9564"}],"curies":[{"name":"wp","href":"https:\/\/api.w.org\/{rel}","templated":true}]}}