{"id":9556,"date":"2024-08-08T15:44:27","date_gmt":"2024-08-08T20:44:27","guid":{"rendered":"https:\/\/www.radiointeractivo.com.mx\/?p=9556"},"modified":"2024-08-08T15:44:28","modified_gmt":"2024-08-08T20:44:28","slug":"reciben-guardia-estatal-y-custodios-capacitacion-en-derechos-fundamentales-de-las-victimas-del-delito","status":"publish","type":"post","link":"https:\/\/www.radiointeractivo.com.mx\/?p=9556","title":{"rendered":"Reciben Guardia Estatal y custodios capacitaci\u00f3n en Derechos Fundamentales de las V\u00edctimas del Delito"},"content":{"rendered":"\n<figure class=\"wp-block-image size-large\"><img loading=\"lazy\" decoding=\"async\" width=\"1024\" height=\"682\" src=\"https:\/\/www.radiointeractivo.com.mx\/wp-content\/uploads\/2024\/08\/WhatsApp-Image-2024-08-08-at-1.30.13-PM-1024x682.jpeg\" alt=\"\" class=\"wp-image-9557\" srcset=\"https:\/\/www.radiointeractivo.com.mx\/wp-content\/uploads\/2024\/08\/WhatsApp-Image-2024-08-08-at-1.30.13-PM-1024x682.jpeg 1024w, https:\/\/www.radiointeractivo.com.mx\/wp-content\/uploads\/2024\/08\/WhatsApp-Image-2024-08-08-at-1.30.13-PM-300x200.jpeg 300w, https:\/\/www.radiointeractivo.com.mx\/wp-content\/uploads\/2024\/08\/WhatsApp-Image-2024-08-08-at-1.30.13-PM-768x512.jpeg 768w, https:\/\/www.radiointeractivo.com.mx\/wp-content\/uploads\/2024\/08\/WhatsApp-Image-2024-08-08-at-1.30.13-PM-1536x1023.jpeg 1536w, https:\/\/www.radiointeractivo.com.mx\/wp-content\/uploads\/2024\/08\/WhatsApp-Image-2024-08-08-at-1.30.13-PM-310x205.jpeg 310w, https:\/\/www.radiointeractivo.com.mx\/wp-content\/uploads\/2024\/08\/WhatsApp-Image-2024-08-08-at-1.30.13-PM.jpeg 1600w\" sizes=\"auto, (max-width: 1024px) 100vw, 1024px\" \/><\/figure>\n\n\n\n<p>Por: Agencias<\/p>\n\n\n\n<p>Ciudad Victoria, Tamaulipas.- El auditorio de la Universidad de Seguridad y Justicia de Tamaulipas (USJT) fue sede de la conferencia impartida por la Comisi\u00f3n de Derechos Humanos del Estado de Tamaulipas (CODHET) a personal de la Guardia Estatal y Cuerpos de Vigilancia, Custodia y Seguridad, la cual abord\u00f3 el tema \u2018\u2019Derechos Fundamentales de las V\u00edctimas del Delito\u2019\u2019.<\/p>\n\n\n\n<p>Esta capacitaci\u00f3n estuvo a cargo del licenciado en Derecho, Reyes Eduardo Egu\u00eda Dur\u00e1n perteneciente a la CODHET y abord\u00f3 temas como la Ley General de V\u00edctimas y clasificaci\u00f3n y calidad de v\u00edctimas.<\/p>\n\n\n\n<p>Adem\u00e1s de la reparaci\u00f3n integral, protecci\u00f3n, indemnizaci\u00f3n, asistencia necesaria para su recuperaci\u00f3n, futura convivencia pac\u00edfica y el acceso a la justicia y tratamiento equitativo ante la ley como derechos fundamentales de las v\u00edctimas.<\/p>\n\n\n\n<p>El evento fue inaugurado por la directora de lo contencioso de la Coordinaci\u00f3n General Jur\u00eddica y de Transparencia de la Secretar\u00eda de Seguridad P\u00fablica de Tamaulipas (SSPT), Herlinda Molina Estrada quien destac\u00f3 la importancia de la capacitaci\u00f3n en materia de derechos humanos.<\/p>\n\n\n\n<p>\u201cEs importante mencionar que la seguridad p\u00fablica y los derechos humanos est\u00e1n unidos, no es posible lograr un verdadero avance en ninguno de estos dos aspectos sin el otro\u201d, dijo.<\/p>\n\n\n\n<p>La inauguraci\u00f3n cont\u00f3 con la presencia del subsecretario de Ejecuci\u00f3n de Sanciones y Reinserci\u00f3n Social, Juan Antonio S\u00e1nchez Ruiz; el director del Consejo de Desarrollo Policial, Luis Eduardo Ibarra Cuevas y el jefe de Departamento de Equidad de G\u00e9nero y Derechos Humanos de la SSPT, Jos\u00e9 Armando Reyes Reyes.<\/p>\n","protected":false},"excerpt":{"rendered":"<p>Por: Agencias Ciudad Victoria, Tamaulipas.- El auditorio de la Universidad de Seguridad y Justicia de Tamaulipas (USJT) fue sede de la conferencia impartida por la Comisi\u00f3n de Derechos Humanos del Estado de Tamaulipas (CODHET) a personal de la Guardia Estatal y Cuerpos de Vigilancia, Custodia y Seguridad, la cual abord\u00f3 el tema \u2018\u2019Derechos Fundamentales de &hellip;<\/p>\n","protected":false},"author":1,"featured_media":9557,"comment_status":"open","ping_status":"open","sticky":false,"template":"","format":"standard","meta":{"footnotes":""},"categories":[39],"tags":[],"class_list":["post-9556","post","type-post","status-publish","format-standard","has-post-thumbnail","","category-tamaulipas"],"_links":{"self":[{"href":"https:\/\/www.radiointeractivo.com.mx\/index.php?rest_route=\/wp\/v2\/posts\/9556","targetHints":{"allow":["GET"]}}],"collection":[{"href":"https:\/\/www.radiointeractivo.com.mx\/index.php?rest_route=\/wp\/v2\/posts"}],"about":[{"href":"https:\/\/www.radiointeractivo.com.mx\/index.php?rest_route=\/wp\/v2\/types\/post"}],"author":[{"embeddable":true,"href":"https:\/\/www.radiointeractivo.com.mx\/index.php?rest_route=\/wp\/v2\/users\/1"}],"replies":[{"embeddable":true,"href":"https:\/\/www.radiointeractivo.com.mx\/index.php?rest_route=%2Fwp%2Fv2%2Fcomments&post=9556"}],"version-history":[{"count":1,"href":"https:\/\/www.radiointeractivo.com.mx\/index.php?rest_route=\/wp\/v2\/posts\/9556\/revisions"}],"predecessor-version":[{"id":9558,"href":"https:\/\/www.radiointeractivo.com.mx\/index.php?rest_route=\/wp\/v2\/posts\/9556\/revisions\/9558"}],"wp:featuredmedia":[{"embeddable":true,"href":"https:\/\/www.radiointeractivo.com.mx\/index.php?rest_route=\/wp\/v2\/media\/9557"}],"wp:attachment":[{"href":"https:\/\/www.radiointeractivo.com.mx\/index.php?rest_route=%2Fwp%2Fv2%2Fmedia&parent=9556"}],"wp:term":[{"taxonomy":"category","embeddable":true,"href":"https:\/\/www.radiointeractivo.com.mx\/index.php?rest_route=%2Fwp%2Fv2%2Fcategories&post=9556"},{"taxonomy":"post_tag","embeddable":true,"href":"https:\/\/www.radiointeractivo.com.mx\/index.php?rest_route=%2Fwp%2Fv2%2Ftags&post=9556"}],"curies":[{"name":"wp","href":"https:\/\/api.w.org\/{rel}","templated":true}]}}