{"id":9553,"date":"2024-08-08T15:42:28","date_gmt":"2024-08-08T20:42:28","guid":{"rendered":"https:\/\/www.radiointeractivo.com.mx\/?p=9553"},"modified":"2024-08-08T15:42:32","modified_gmt":"2024-08-08T20:42:32","slug":"anuncia-americo-villarreal-apoyo-adicional-para-productores-de-sorgo","status":"publish","type":"post","link":"https:\/\/www.radiointeractivo.com.mx\/?p=9553","title":{"rendered":"Anuncia Am\u00e9rico Villarreal apoyo adicional para productores de sorgo"},"content":{"rendered":"\n<figure class=\"wp-block-image size-large\"><img loading=\"lazy\" decoding=\"async\" width=\"1024\" height=\"723\" src=\"https:\/\/www.radiointeractivo.com.mx\/wp-content\/uploads\/2024\/08\/WhatsApp-Image-2024-08-08-at-10.52.01-AM-1024x723.jpeg\" alt=\"\" class=\"wp-image-9554\" srcset=\"https:\/\/www.radiointeractivo.com.mx\/wp-content\/uploads\/2024\/08\/WhatsApp-Image-2024-08-08-at-10.52.01-AM-1024x723.jpeg 1024w, https:\/\/www.radiointeractivo.com.mx\/wp-content\/uploads\/2024\/08\/WhatsApp-Image-2024-08-08-at-10.52.01-AM-300x212.jpeg 300w, https:\/\/www.radiointeractivo.com.mx\/wp-content\/uploads\/2024\/08\/WhatsApp-Image-2024-08-08-at-10.52.01-AM-768x542.jpeg 768w, https:\/\/www.radiointeractivo.com.mx\/wp-content\/uploads\/2024\/08\/WhatsApp-Image-2024-08-08-at-10.52.01-AM-1536x1085.jpeg 1536w, https:\/\/www.radiointeractivo.com.mx\/wp-content\/uploads\/2024\/08\/WhatsApp-Image-2024-08-08-at-10.52.01-AM.jpeg 1600w\" sizes=\"auto, (max-width: 1024px) 100vw, 1024px\" \/><\/figure>\n\n\n\n<p>-Gobernador y productores tamaulipecos cierran filas para impulsar liberaci\u00f3n de subsidio federal<\/p>\n\n\n\n<p>Por: Agencias<\/p>\n\n\n\n<p>Ciudad Victoria, Tamaulipas. &#8211; El gobernador Am\u00e9rico Villarreal Anaya y los representantes de los productores de sorgo cerraron filas y se comprometieron a estar unidos y trabajar en equipo para continuar con la gesti\u00f3n de recursos ante el Gobierno Federal. Adem\u00e1s, el mandatario tamaulipeco anunci\u00f3 que el pr\u00f3ximo lunes dar\u00e1 a conocer una aportaci\u00f3n adicional por parte del Gobierno del Estado.<\/p>\n\n\n\n<p>Durante una prolongada reuni\u00f3n de cuatro horas, la noche de ayer mi\u00e9rcoles, en el Sal\u00f3n Independencia de Palacio de Gobierno y ante la presencia de Santiago Jos\u00e9 Arg\u00fcello Campos, coordinador general de Agricultura de la Secretar\u00eda de Agricultura y Desarrollo Rural (SADER), el gobernador reiter\u00f3 que es el principal interesado en concretar el subsidio ofrecido a los productores, el cual no se ha liberado debido al proceso de transici\u00f3n del Gobierno Federal, concretamente por parte de las autoridades hacendarias.<\/p>\n\n\n\n<p>Villarreal Anaya hizo un llamado a los funcionarios federales a tomar en cuenta que Tamaulipas es el principal productor de sorgo en el pa\u00eds y que este cultivo debe ser considerado un bien estrat\u00e9gico del Estado.<\/p>\n\n\n\n<p>&#8220;El producto sorgo debe ser un bien estrat\u00e9gico del Estado, no un problema social, ni de gobierno, ni de oportunidad, sino un bien que nos proyecte en una competencia nacional e internacional por ser los primeros productores de sorgo a nivel nacional&#8221;, expres\u00f3.<\/p>\n\n\n\n<p>Agreg\u00f3 que, con base en una evaluaci\u00f3n presupuestal a las finanzas del Gobierno del Estado, el pr\u00f3ximo lunes anunciar\u00e1 un apoyo adicional para participar en la soluci\u00f3n de esta problem\u00e1tica.<\/p>\n\n\n\n<p>En la reuni\u00f3n, el gobernador, acompa\u00f1ado por el secretario de Desarrollo Rural, Antonio Varela Flores, plante\u00f3 una serie de propuestas que permitir\u00e1n dar valor agregado a la producci\u00f3n de sorgo, buscar nuevas \u00e1reas de oportunidad y evitar esta problem\u00e1tica cada ciclo agr\u00edcola.<\/p>\n","protected":false},"excerpt":{"rendered":"<p>-Gobernador y productores tamaulipecos cierran filas para impulsar liberaci\u00f3n de subsidio federal Por: Agencias Ciudad Victoria, Tamaulipas. &#8211; El gobernador Am\u00e9rico Villarreal Anaya y los representantes de los productores de sorgo cerraron filas y se comprometieron a estar unidos y trabajar en equipo para continuar con la gesti\u00f3n de recursos ante el Gobierno Federal. Adem\u00e1s, &hellip;<\/p>\n","protected":false},"author":1,"featured_media":9554,"comment_status":"open","ping_status":"open","sticky":false,"template":"","format":"standard","meta":{"footnotes":""},"categories":[39],"tags":[],"class_list":["post-9553","post","type-post","status-publish","format-standard","has-post-thumbnail","","category-tamaulipas"],"_links":{"self":[{"href":"https:\/\/www.radiointeractivo.com.mx\/index.php?rest_route=\/wp\/v2\/posts\/9553","targetHints":{"allow":["GET"]}}],"collection":[{"href":"https:\/\/www.radiointeractivo.com.mx\/index.php?rest_route=\/wp\/v2\/posts"}],"about":[{"href":"https:\/\/www.radiointeractivo.com.mx\/index.php?rest_route=\/wp\/v2\/types\/post"}],"author":[{"embeddable":true,"href":"https:\/\/www.radiointeractivo.com.mx\/index.php?rest_route=\/wp\/v2\/users\/1"}],"replies":[{"embeddable":true,"href":"https:\/\/www.radiointeractivo.com.mx\/index.php?rest_route=%2Fwp%2Fv2%2Fcomments&post=9553"}],"version-history":[{"count":1,"href":"https:\/\/www.radiointeractivo.com.mx\/index.php?rest_route=\/wp\/v2\/posts\/9553\/revisions"}],"predecessor-version":[{"id":9555,"href":"https:\/\/www.radiointeractivo.com.mx\/index.php?rest_route=\/wp\/v2\/posts\/9553\/revisions\/9555"}],"wp:featuredmedia":[{"embeddable":true,"href":"https:\/\/www.radiointeractivo.com.mx\/index.php?rest_route=\/wp\/v2\/media\/9554"}],"wp:attachment":[{"href":"https:\/\/www.radiointeractivo.com.mx\/index.php?rest_route=%2Fwp%2Fv2%2Fmedia&parent=9553"}],"wp:term":[{"taxonomy":"category","embeddable":true,"href":"https:\/\/www.radiointeractivo.com.mx\/index.php?rest_route=%2Fwp%2Fv2%2Fcategories&post=9553"},{"taxonomy":"post_tag","embeddable":true,"href":"https:\/\/www.radiointeractivo.com.mx\/index.php?rest_route=%2Fwp%2Fv2%2Ftags&post=9553"}],"curies":[{"name":"wp","href":"https:\/\/api.w.org\/{rel}","templated":true}]}}