{"id":9549,"date":"2024-08-08T11:27:53","date_gmt":"2024-08-08T16:27:53","guid":{"rendered":"https:\/\/www.radiointeractivo.com.mx\/?p=9549"},"modified":"2024-08-08T11:27:55","modified_gmt":"2024-08-08T16:27:55","slug":"aprovechan-ciudadanos-oportunidades-de-trabajo-con-empleo-en-tu-colonia","status":"publish","type":"post","link":"https:\/\/www.radiointeractivo.com.mx\/?p=9549","title":{"rendered":"APROVECHAN CIUDADANOS OPORTUNIDADES DE TRABAJO CON \u201cEMPLEO EN TU COLONIA\u201d"},"content":{"rendered":"\n<figure class=\"wp-block-image size-large\"><img loading=\"lazy\" decoding=\"async\" width=\"1024\" height=\"682\" src=\"https:\/\/www.radiointeractivo.com.mx\/wp-content\/uploads\/2024\/08\/WhatsApp-Image-2024-08-08-at-11.15.43-AM-1024x682.jpeg\" alt=\"\" class=\"wp-image-9550\" srcset=\"https:\/\/www.radiointeractivo.com.mx\/wp-content\/uploads\/2024\/08\/WhatsApp-Image-2024-08-08-at-11.15.43-AM-1024x682.jpeg 1024w, https:\/\/www.radiointeractivo.com.mx\/wp-content\/uploads\/2024\/08\/WhatsApp-Image-2024-08-08-at-11.15.43-AM-300x200.jpeg 300w, https:\/\/www.radiointeractivo.com.mx\/wp-content\/uploads\/2024\/08\/WhatsApp-Image-2024-08-08-at-11.15.43-AM-768x512.jpeg 768w, https:\/\/www.radiointeractivo.com.mx\/wp-content\/uploads\/2024\/08\/WhatsApp-Image-2024-08-08-at-11.15.43-AM-1536x1023.jpeg 1536w, https:\/\/www.radiointeractivo.com.mx\/wp-content\/uploads\/2024\/08\/WhatsApp-Image-2024-08-08-at-11.15.43-AM-310x205.jpeg 310w, https:\/\/www.radiointeractivo.com.mx\/wp-content\/uploads\/2024\/08\/WhatsApp-Image-2024-08-08-at-11.15.43-AM.jpeg 1600w\" sizes=\"auto, (max-width: 1024px) 100vw, 1024px\" \/><\/figure>\n\n\n\n<p>Por: Staff | #NuevoLaredo #Laredo #NLD #Tamaulipas<\/p>\n\n\n\n<p>Decenas de ciudadanos del poniente de la ciudad tuvieron la oportunidad de encontrar una opci\u00f3n laboral con el programa municipal \u201cEmpleo en tu Colonia\u201d el cual se traslad\u00f3 a la colonia Reservas Territoriales.<\/p>\n\n\n\n<p>A partir de las 9:00 de la ma\u00f1ana m\u00e1s 15 empresas entre maquiladoras, transportistas, agencias aduanales, comercios y servicios se instalaron en las Canchas Deportivas del Progreso en las que brindaron a la poblaci\u00f3n m\u00e1s de 500 vacantes<\/p>\n\n\n\n<p>\u201cEst\u00e1 muy bien este programa porque hay muchas personas que buscamos empleo y es una excelente opci\u00f3n para nosotros, que bueno que es aqu\u00ed porque nosotros no tenemos carro, nos movemos en el cami\u00f3n, est\u00e1 muy bien este programa, muchas gracias por esta incre\u00edble oportunidad\u201d, dijo Anah\u00ed Vera C\u00f3rdoba, vecina de la colonia el Progreso.<\/p>\n\n\n\n<p>Por parte de las empresas manifestaron que es muy positivo que el Gobierno Municipal realice este tipo de programas en las colonias de la ciudad pues ellos logran captar a mayor gente para cubrir sus vacantes.<\/p>\n\n\n\n<p>\u201cEs muy bueno este programa, a veces por el tiempo de recorrido que tiene cada persona a la empresa se les dificulta, por eso es bueno que se haga en diferentes sectores, se atrae a m\u00e1s gente pues hay m\u00e1s cercan\u00eda, como empresa muchas gracias por esta oportunidad que se nos da\u201d, manifest\u00f3 Diego Armando Mendoza, Encargado de Recursos Humanos en Veolia.<\/p>\n\n\n\n<p>Mientras que Juan Pedro Hern\u00e1ndez, Gerente de Farmacias Guadalajara opin\u00f3 que con Empleo en tu Colonia han logrado reclutar a m\u00e1s personas, por lo que agradeci\u00f3 al Gobierno Municipal por impulsar este programa.<\/p>\n\n\n\n<p>\u201cRealmente el programa es demasiado bueno, abrimos un poco m\u00e1s el panorama para la gente, que puedan acudir y ver, es de mucha ayuda, ya son varias ocasiones las que participamos y si hemos reclutado gente&#8221;, expres\u00f3 Juan Pedro Hern\u00e1ndez, Gerente de Farmacias Guadalajara.<\/p>\n\n\n\n<p>Durante esta edici\u00f3n de Empleo en tu Colonia estuvieron participando empresas Acrelec Aires Acondicionados, Pepsico, Flensa, Emerson, Dicex, Bodega Aurrera, INNSA, entre otras.<\/p>\n","protected":false},"excerpt":{"rendered":"<p>Por: Staff | #NuevoLaredo #Laredo #NLD #Tamaulipas Decenas de ciudadanos del poniente de la ciudad tuvieron la oportunidad de encontrar una opci\u00f3n laboral con el programa municipal \u201cEmpleo en tu Colonia\u201d el cual se traslad\u00f3 a la colonia Reservas Territoriales. A partir de las 9:00 de la ma\u00f1ana m\u00e1s 15 empresas entre maquiladoras, transportistas, agencias &hellip;<\/p>\n","protected":false},"author":1,"featured_media":9550,"comment_status":"open","ping_status":"open","sticky":false,"template":"","format":"standard","meta":{"footnotes":""},"categories":[38],"tags":[],"class_list":["post-9549","post","type-post","status-publish","format-standard","has-post-thumbnail","","category-nuevo-laredo"],"_links":{"self":[{"href":"https:\/\/www.radiointeractivo.com.mx\/index.php?rest_route=\/wp\/v2\/posts\/9549","targetHints":{"allow":["GET"]}}],"collection":[{"href":"https:\/\/www.radiointeractivo.com.mx\/index.php?rest_route=\/wp\/v2\/posts"}],"about":[{"href":"https:\/\/www.radiointeractivo.com.mx\/index.php?rest_route=\/wp\/v2\/types\/post"}],"author":[{"embeddable":true,"href":"https:\/\/www.radiointeractivo.com.mx\/index.php?rest_route=\/wp\/v2\/users\/1"}],"replies":[{"embeddable":true,"href":"https:\/\/www.radiointeractivo.com.mx\/index.php?rest_route=%2Fwp%2Fv2%2Fcomments&post=9549"}],"version-history":[{"count":1,"href":"https:\/\/www.radiointeractivo.com.mx\/index.php?rest_route=\/wp\/v2\/posts\/9549\/revisions"}],"predecessor-version":[{"id":9551,"href":"https:\/\/www.radiointeractivo.com.mx\/index.php?rest_route=\/wp\/v2\/posts\/9549\/revisions\/9551"}],"wp:featuredmedia":[{"embeddable":true,"href":"https:\/\/www.radiointeractivo.com.mx\/index.php?rest_route=\/wp\/v2\/media\/9550"}],"wp:attachment":[{"href":"https:\/\/www.radiointeractivo.com.mx\/index.php?rest_route=%2Fwp%2Fv2%2Fmedia&parent=9549"}],"wp:term":[{"taxonomy":"category","embeddable":true,"href":"https:\/\/www.radiointeractivo.com.mx\/index.php?rest_route=%2Fwp%2Fv2%2Fcategories&post=9549"},{"taxonomy":"post_tag","embeddable":true,"href":"https:\/\/www.radiointeractivo.com.mx\/index.php?rest_route=%2Fwp%2Fv2%2Ftags&post=9549"}],"curies":[{"name":"wp","href":"https:\/\/api.w.org\/{rel}","templated":true}]}}