{"id":9546,"date":"2024-08-08T11:15:37","date_gmt":"2024-08-08T16:15:37","guid":{"rendered":"https:\/\/www.radiointeractivo.com.mx\/?p=9546"},"modified":"2024-08-08T11:15:38","modified_gmt":"2024-08-08T16:15:38","slug":"invita-gobierno-municipal-a-inscribirse-a-los-talleres-de-iniciacion-artistica","status":"publish","type":"post","link":"https:\/\/www.radiointeractivo.com.mx\/?p=9546","title":{"rendered":"INVITA GOBIERNO MUNICIPAL A INSCRIBIRSE A LOS TALLERES DE INICIACI\u00d3N ART\u00cdSTICA"},"content":{"rendered":"\n<figure class=\"wp-block-image size-large\"><img loading=\"lazy\" decoding=\"async\" width=\"1024\" height=\"682\" src=\"https:\/\/www.radiointeractivo.com.mx\/wp-content\/uploads\/2024\/08\/WhatsApp-Image-2024-08-08-at-11.11.02-AM-1024x682.jpeg\" alt=\"\" class=\"wp-image-9547\" srcset=\"https:\/\/www.radiointeractivo.com.mx\/wp-content\/uploads\/2024\/08\/WhatsApp-Image-2024-08-08-at-11.11.02-AM-1024x682.jpeg 1024w, https:\/\/www.radiointeractivo.com.mx\/wp-content\/uploads\/2024\/08\/WhatsApp-Image-2024-08-08-at-11.11.02-AM-300x200.jpeg 300w, https:\/\/www.radiointeractivo.com.mx\/wp-content\/uploads\/2024\/08\/WhatsApp-Image-2024-08-08-at-11.11.02-AM-768x512.jpeg 768w, https:\/\/www.radiointeractivo.com.mx\/wp-content\/uploads\/2024\/08\/WhatsApp-Image-2024-08-08-at-11.11.02-AM-1536x1023.jpeg 1536w, https:\/\/www.radiointeractivo.com.mx\/wp-content\/uploads\/2024\/08\/WhatsApp-Image-2024-08-08-at-11.11.02-AM-310x205.jpeg 310w, https:\/\/www.radiointeractivo.com.mx\/wp-content\/uploads\/2024\/08\/WhatsApp-Image-2024-08-08-at-11.11.02-AM.jpeg 1600w\" sizes=\"auto, (max-width: 1024px) 100vw, 1024px\" \/><\/figure>\n\n\n\n<p>Por: Staff | #NuevoLaredo #Laredo #NLD #Tamaulipas<\/p>\n\n\n\n<p>El Gobierno Municipal, a trav\u00e9s de la Direcci\u00f3n de Arte y Cultura, invita a la ciudadan\u00eda a participar en el siguiente semestre de los Talleres de Iniciaci\u00f3n Art\u00edstica que arrancan el 26 de agosto.<\/p>\n\n\n\n<p>Estos talleres tratan sobre clases de guitarra, viol\u00edn, pintura, dibujo, danza en sus diversas expresiones, fotograf\u00eda, cine documental, teatro, manualidades, entre otros<\/p>\n\n\n\n<p>Las inscripciones est\u00e1n abiertas y para formar parte de esta nueva generaci\u00f3n, el interesado puede ser inscrito desde los cuatro a\u00f1os, presentar copia del INE del interesado o del responsable del menor inscrito y del CURP.<\/p>\n\n\n\n<p>La papeler\u00eda deber\u00e1 presentarse en la Casa de la Cultura en la que vaya a tomar el curso.<\/p>\n\n\n\n<p>Casa de la Cultura Viveros ubicada en Lincoln 821, colonia Viveros, tel\u00e9fono 867-715-3618.<\/p>\n\n\n\n<p>Maquila Creativa en Eva S\u00e1mano 1501, 20 de Noviembre, tel\u00e9fono 867-736-3666.<\/p>\n\n\n\n<p>Polivalente en la calle Ayuntamiento Sur sin n\u00famero, en Infonavit, tel\u00e9fono 867-714-3984.<\/p>\n\n\n\n<p>Casa de la Cultura Progreso, ubicada en Selene y calle \u00cdcaro sin n\u00famero, colonia El Progreso, tel\u00e9fono 867-307-9424.<\/p>\n\n\n\n<p>Casa de la Cultura de la colonia Palmares en la calle Tampico 6200.<\/p>\n","protected":false},"excerpt":{"rendered":"<p>Por: Staff | #NuevoLaredo #Laredo #NLD #Tamaulipas El Gobierno Municipal, a trav\u00e9s de la Direcci\u00f3n de Arte y Cultura, invita a la ciudadan\u00eda a participar en el siguiente semestre de los Talleres de Iniciaci\u00f3n Art\u00edstica que arrancan el 26 de agosto. Estos talleres tratan sobre clases de guitarra, viol\u00edn, pintura, dibujo, danza en sus diversas &hellip;<\/p>\n","protected":false},"author":1,"featured_media":9547,"comment_status":"open","ping_status":"open","sticky":false,"template":"","format":"standard","meta":{"footnotes":""},"categories":[38],"tags":[],"class_list":["post-9546","post","type-post","status-publish","format-standard","has-post-thumbnail","","category-nuevo-laredo"],"_links":{"self":[{"href":"https:\/\/www.radiointeractivo.com.mx\/index.php?rest_route=\/wp\/v2\/posts\/9546","targetHints":{"allow":["GET"]}}],"collection":[{"href":"https:\/\/www.radiointeractivo.com.mx\/index.php?rest_route=\/wp\/v2\/posts"}],"about":[{"href":"https:\/\/www.radiointeractivo.com.mx\/index.php?rest_route=\/wp\/v2\/types\/post"}],"author":[{"embeddable":true,"href":"https:\/\/www.radiointeractivo.com.mx\/index.php?rest_route=\/wp\/v2\/users\/1"}],"replies":[{"embeddable":true,"href":"https:\/\/www.radiointeractivo.com.mx\/index.php?rest_route=%2Fwp%2Fv2%2Fcomments&post=9546"}],"version-history":[{"count":1,"href":"https:\/\/www.radiointeractivo.com.mx\/index.php?rest_route=\/wp\/v2\/posts\/9546\/revisions"}],"predecessor-version":[{"id":9548,"href":"https:\/\/www.radiointeractivo.com.mx\/index.php?rest_route=\/wp\/v2\/posts\/9546\/revisions\/9548"}],"wp:featuredmedia":[{"embeddable":true,"href":"https:\/\/www.radiointeractivo.com.mx\/index.php?rest_route=\/wp\/v2\/media\/9547"}],"wp:attachment":[{"href":"https:\/\/www.radiointeractivo.com.mx\/index.php?rest_route=%2Fwp%2Fv2%2Fmedia&parent=9546"}],"wp:term":[{"taxonomy":"category","embeddable":true,"href":"https:\/\/www.radiointeractivo.com.mx\/index.php?rest_route=%2Fwp%2Fv2%2Fcategories&post=9546"},{"taxonomy":"post_tag","embeddable":true,"href":"https:\/\/www.radiointeractivo.com.mx\/index.php?rest_route=%2Fwp%2Fv2%2Ftags&post=9546"}],"curies":[{"name":"wp","href":"https:\/\/api.w.org\/{rel}","templated":true}]}}