{"id":9540,"date":"2024-08-07T20:56:23","date_gmt":"2024-08-08T01:56:23","guid":{"rendered":"https:\/\/www.radiointeractivo.com.mx\/?p=9540"},"modified":"2024-08-07T20:56:24","modified_gmt":"2024-08-08T01:56:24","slug":"lanza-secretaria-de-economia-programa-para-apoyar-a-empresas-a-exportar","status":"publish","type":"post","link":"https:\/\/www.radiointeractivo.com.mx\/?p=9540","title":{"rendered":"Lanza Secretar\u00eda de Econom\u00eda programa para apoyar a empresas a exportar"},"content":{"rendered":"\n<figure class=\"wp-block-image size-large\"><img loading=\"lazy\" decoding=\"async\" width=\"1024\" height=\"684\" src=\"https:\/\/www.radiointeractivo.com.mx\/wp-content\/uploads\/2024\/08\/WhatsApp-Image-2024-08-07-at-8.49.42-PM-1024x684.jpeg\" alt=\"\" class=\"wp-image-9541\" srcset=\"https:\/\/www.radiointeractivo.com.mx\/wp-content\/uploads\/2024\/08\/WhatsApp-Image-2024-08-07-at-8.49.42-PM-1024x684.jpeg 1024w, https:\/\/www.radiointeractivo.com.mx\/wp-content\/uploads\/2024\/08\/WhatsApp-Image-2024-08-07-at-8.49.42-PM-300x200.jpeg 300w, https:\/\/www.radiointeractivo.com.mx\/wp-content\/uploads\/2024\/08\/WhatsApp-Image-2024-08-07-at-8.49.42-PM-768x513.jpeg 768w, https:\/\/www.radiointeractivo.com.mx\/wp-content\/uploads\/2024\/08\/WhatsApp-Image-2024-08-07-at-8.49.42-PM.jpeg 1500w\" sizes=\"auto, (max-width: 1024px) 100vw, 1024px\" \/><\/figure>\n\n\n\n<p>-Capacitar\u00e1n a empresarios tamaulipecos para incursionar en mercados internacionales<\/p>\n\n\n\n<p>Por: Agencias<\/p>\n\n\n\n<p>Ciudad, Victoria, Tamaulipas.- Con el objetivo de apoyar a las empresas tamaulipecas a desarrollar capacidades para incursionar en mercados internacionales, la Secretar\u00eda de Econom\u00eda puso en marcha el programa de capacitaci\u00f3n &#8220;Yo Exporto&#8221;.<\/p>\n\n\n\n<p>Al encabezar la presentaci\u00f3n de la estrategia ante empresarios y l\u00edderes de organismos empresariales, la secretaria de Econom\u00eda Ninfa Cant\u00fa De\u00e1ndar dijo que la instrucci\u00f3n del gobernador Am\u00e9rico Villarreal es impulsar la exportaci\u00f3n de m\u00e1s productos tamaulipecos al mundo.<\/p>\n\n\n\n<p>&#8220;El programa &#8220;Yo exporto&#8221; apoyar\u00e1 a las y los empresarios locales a aumentar la presencia de sus productos y servicios en el mundo proporcionando el conocimiento y las herramientas necesarias para iniciar, incrementar o diversificar sus ventas internacionales a trav\u00e9s del desarrollo e implementaci\u00f3n de un modelo integral de capacitaci\u00f3n para la exportaci\u00f3n&#8221;.<\/p>\n\n\n\n<p>Cant\u00fa De\u00e1ndar explic\u00f3 que este programa se enmarca en el marco de la estrategia integral \u201cTamaulipas Exporta\u201d que busca que m\u00e1s empresas de nuestro estado aprovechen las ventajas competitivas que brinda la posici\u00f3n geogr\u00e1fica de la entidad, su condici\u00f3n de frontera con el mercado m\u00e1s grande del mundo, el valor estrat\u00e9gico de su infraestructura para el comercio exterior y la red de Tratados de Libre Comercio y Acuerdos que nuestro pa\u00eds tiene con el mundo.<\/p>\n\n\n\n<p>El programa que se lleva a cabo en sinergia con la Plataforma &#8220;Yo Exporto&#8221; apoyar\u00e1 a compa\u00f1\u00edas tamaulipecas brindando capacitaci\u00f3n sobre las diferentes etapas del proceso de exportaci\u00f3n de productos.<\/p>\n\n\n\n<p>A la ceremonia asistieron adem\u00e1s de directivos de empresas de las diferentes regiones del estado, Luis Fernando Goya, director de la plataforma &#8220;Yo exporto&#8221;, Ethel Robles Barajas, presidenta de CANACO Victoria y Yazm\u00edn Santiago, presidenta de AMMJE en el sur de Tamaulipas.<\/p>\n","protected":false},"excerpt":{"rendered":"<p>-Capacitar\u00e1n a empresarios tamaulipecos para incursionar en mercados internacionales Por: Agencias Ciudad, Victoria, Tamaulipas.- Con el objetivo de apoyar a las empresas tamaulipecas a desarrollar capacidades para incursionar en mercados internacionales, la Secretar\u00eda de Econom\u00eda puso en marcha el programa de capacitaci\u00f3n &#8220;Yo Exporto&#8221;. Al encabezar la presentaci\u00f3n de la estrategia ante empresarios y l\u00edderes &hellip;<\/p>\n","protected":false},"author":1,"featured_media":9541,"comment_status":"open","ping_status":"open","sticky":false,"template":"","format":"standard","meta":{"footnotes":""},"categories":[39],"tags":[],"class_list":["post-9540","post","type-post","status-publish","format-standard","has-post-thumbnail","","category-tamaulipas"],"_links":{"self":[{"href":"https:\/\/www.radiointeractivo.com.mx\/index.php?rest_route=\/wp\/v2\/posts\/9540","targetHints":{"allow":["GET"]}}],"collection":[{"href":"https:\/\/www.radiointeractivo.com.mx\/index.php?rest_route=\/wp\/v2\/posts"}],"about":[{"href":"https:\/\/www.radiointeractivo.com.mx\/index.php?rest_route=\/wp\/v2\/types\/post"}],"author":[{"embeddable":true,"href":"https:\/\/www.radiointeractivo.com.mx\/index.php?rest_route=\/wp\/v2\/users\/1"}],"replies":[{"embeddable":true,"href":"https:\/\/www.radiointeractivo.com.mx\/index.php?rest_route=%2Fwp%2Fv2%2Fcomments&post=9540"}],"version-history":[{"count":1,"href":"https:\/\/www.radiointeractivo.com.mx\/index.php?rest_route=\/wp\/v2\/posts\/9540\/revisions"}],"predecessor-version":[{"id":9542,"href":"https:\/\/www.radiointeractivo.com.mx\/index.php?rest_route=\/wp\/v2\/posts\/9540\/revisions\/9542"}],"wp:featuredmedia":[{"embeddable":true,"href":"https:\/\/www.radiointeractivo.com.mx\/index.php?rest_route=\/wp\/v2\/media\/9541"}],"wp:attachment":[{"href":"https:\/\/www.radiointeractivo.com.mx\/index.php?rest_route=%2Fwp%2Fv2%2Fmedia&parent=9540"}],"wp:term":[{"taxonomy":"category","embeddable":true,"href":"https:\/\/www.radiointeractivo.com.mx\/index.php?rest_route=%2Fwp%2Fv2%2Fcategories&post=9540"},{"taxonomy":"post_tag","embeddable":true,"href":"https:\/\/www.radiointeractivo.com.mx\/index.php?rest_route=%2Fwp%2Fv2%2Ftags&post=9540"}],"curies":[{"name":"wp","href":"https:\/\/api.w.org\/{rel}","templated":true}]}}