{"id":9537,"date":"2024-08-07T20:51:11","date_gmt":"2024-08-08T01:51:11","guid":{"rendered":"https:\/\/www.radiointeractivo.com.mx\/?p=9537"},"modified":"2024-08-07T20:51:12","modified_gmt":"2024-08-08T01:51:12","slug":"inician-secretarias-del-trabajo-y-bienestar-social-de-tamaulipas-capacitacion-para-servidores-publicos","status":"publish","type":"post","link":"https:\/\/www.radiointeractivo.com.mx\/?p=9537","title":{"rendered":"Inician Secretar\u00edas del Trabajo y Bienestar Social de Tamaulipas capacitaci\u00f3n para servidores p\u00fablicos"},"content":{"rendered":"\n<figure class=\"wp-block-image size-large\"><img loading=\"lazy\" decoding=\"async\" width=\"1024\" height=\"683\" src=\"https:\/\/www.radiointeractivo.com.mx\/wp-content\/uploads\/2024\/08\/WhatsApp-Image-2024-08-07-at-8.29.22-PM-1024x683.jpeg\" alt=\"\" class=\"wp-image-9538\" srcset=\"https:\/\/www.radiointeractivo.com.mx\/wp-content\/uploads\/2024\/08\/WhatsApp-Image-2024-08-07-at-8.29.22-PM-1024x683.jpeg 1024w, https:\/\/www.radiointeractivo.com.mx\/wp-content\/uploads\/2024\/08\/WhatsApp-Image-2024-08-07-at-8.29.22-PM-300x200.jpeg 300w, https:\/\/www.radiointeractivo.com.mx\/wp-content\/uploads\/2024\/08\/WhatsApp-Image-2024-08-07-at-8.29.22-PM-768x512.jpeg 768w, https:\/\/www.radiointeractivo.com.mx\/wp-content\/uploads\/2024\/08\/WhatsApp-Image-2024-08-07-at-8.29.22-PM-1536x1024.jpeg 1536w, https:\/\/www.radiointeractivo.com.mx\/wp-content\/uploads\/2024\/08\/WhatsApp-Image-2024-08-07-at-8.29.22-PM.jpeg 1539w\" sizes=\"auto, (max-width: 1024px) 100vw, 1024px\" \/><\/figure>\n\n\n\n<p>-Gerardo Illoldi y Silvia Casas asistieron a este ciclo de conferencias que benefician a 280 funcionarios de gobierno en una primera etapa<\/p>\n\n\n\n<p>Por: Agencias<\/p>\n\n\n\n<p>Ciudad Victoria, Tamaulipas.- La Secretar\u00eda del Trabajo y Previsi\u00f3n Social de Tamaulipas, en colaboraci\u00f3n con la Secretar\u00eda de Bienestar Social, arrancaron el ciclo de capacitaci\u00f3n &#8220;El ABC del servidor p\u00fablico&#8221;, con el prop\u00f3sito de brindar herramientas y habilidades que permitan ofrecer un mejor servicio a los usuarios. Cada uno de los participantes recibir\u00e1 una constancia de habilidades laborales DC3 con validez oficial, emitida por la STPS y avalada por la federaci\u00f3n.<\/p>\n\n\n\n<p>En el evento se cont\u00f3 con la participaci\u00f3n de Gerardo Illoldi, secretario del Trabajo y Previsi\u00f3n Social de Tamaulipas, quien agradeci\u00f3 a la titular de Bienestar Social, Silvia Casas, el inter\u00e9s y la disponibilidad de hacer equipo con la Secretar\u00eda del Trabajo para brindar este importante taller de capacitaci\u00f3n a todo el personal, con el prop\u00f3sito de hacer sinergia y cumplir con la encomienda del gobernador Am\u00e9rico Villarreal Anaya de ser un gobierno humanista y con vocaci\u00f3n de servicio a la ciudadan\u00eda.<\/p>\n\n\n\n<p>\u201cEn esta administraci\u00f3n gubernamental, bajo el liderazgo del doctor Am\u00e9rico Villarreal Anaya, se ha impulsado fuertemente la capacitaci\u00f3n en sus diversas modalidades, adem\u00e1s de fortalecer una sinergia colaborativa entre la iniciativa privada y el gobierno para brindar a las y los trabajadores las mejores herramientas para el mejor desempe\u00f1o de su trabajo. La capacitaci\u00f3n juega un papel primordial en el logro de tareas y proyectos, siendo una parte fundamental en la transformaci\u00f3n de nuestro estado\u201d, expres\u00f3 el funcionario estatal.<\/p>\n\n\n\n<p>En lo que va del a\u00f1o, se ha capacitado a 8 mil personas, tanto en la iniciativa privada como en el sector p\u00fablico, por parte de la STPS, a trav\u00e9s de la Direcci\u00f3n de Inspecci\u00f3n y la Direcci\u00f3n de Capacitaci\u00f3n y Productividad.<\/p>\n\n\n\n<p>Por su parte, la secretaria de Bienestar Social de Tamaulipas, Silvia Casas, exhort\u00f3 a los trabajadores de esta dependencia a ser mejores en sus trabajos y como personas, y a llevar lo aprendido en este tipo de capacitaciones a su trabajo diario. \u201cLos conmino a que estos cursos sean momentos de reflexi\u00f3n, de enriquecernos internamente, de cambiar nuestras actitudes y realizar nuestras actividades de la mejor manera posible\u201d, indic\u00f3.<\/p>\n\n\n\n<p>Casas Gonz\u00e1lez agreg\u00f3 que el personal de la Secretar\u00eda de Bienestar Social tiene las puertas abiertas para ser escuchados y atendidos por sus autoridades, para as\u00ed brindar un mejor trabajo a las y los tamaulipecos.<\/p>\n\n\n\n<p>En este evento se cont\u00f3 con la participaci\u00f3n del subsecretario de Empleo y Previsi\u00f3n Social, Abelardo Flores Mendoza, as\u00ed como de la secretaria t\u00e9cnica de SEBIEN, Norma Paola Mata Esparza, entre otras autoridades de ambas dependencias.<\/p>\n","protected":false},"excerpt":{"rendered":"<p>-Gerardo Illoldi y Silvia Casas asistieron a este ciclo de conferencias que benefician a 280 funcionarios de gobierno en una primera etapa Por: Agencias Ciudad Victoria, Tamaulipas.- La Secretar\u00eda del Trabajo y Previsi\u00f3n Social de Tamaulipas, en colaboraci\u00f3n con la Secretar\u00eda de Bienestar Social, arrancaron el ciclo de capacitaci\u00f3n &#8220;El ABC del servidor p\u00fablico&#8221;, con &hellip;<\/p>\n","protected":false},"author":1,"featured_media":9538,"comment_status":"open","ping_status":"open","sticky":false,"template":"","format":"standard","meta":{"footnotes":""},"categories":[39],"tags":[],"class_list":["post-9537","post","type-post","status-publish","format-standard","has-post-thumbnail","","category-tamaulipas"],"_links":{"self":[{"href":"https:\/\/www.radiointeractivo.com.mx\/index.php?rest_route=\/wp\/v2\/posts\/9537","targetHints":{"allow":["GET"]}}],"collection":[{"href":"https:\/\/www.radiointeractivo.com.mx\/index.php?rest_route=\/wp\/v2\/posts"}],"about":[{"href":"https:\/\/www.radiointeractivo.com.mx\/index.php?rest_route=\/wp\/v2\/types\/post"}],"author":[{"embeddable":true,"href":"https:\/\/www.radiointeractivo.com.mx\/index.php?rest_route=\/wp\/v2\/users\/1"}],"replies":[{"embeddable":true,"href":"https:\/\/www.radiointeractivo.com.mx\/index.php?rest_route=%2Fwp%2Fv2%2Fcomments&post=9537"}],"version-history":[{"count":1,"href":"https:\/\/www.radiointeractivo.com.mx\/index.php?rest_route=\/wp\/v2\/posts\/9537\/revisions"}],"predecessor-version":[{"id":9539,"href":"https:\/\/www.radiointeractivo.com.mx\/index.php?rest_route=\/wp\/v2\/posts\/9537\/revisions\/9539"}],"wp:featuredmedia":[{"embeddable":true,"href":"https:\/\/www.radiointeractivo.com.mx\/index.php?rest_route=\/wp\/v2\/media\/9538"}],"wp:attachment":[{"href":"https:\/\/www.radiointeractivo.com.mx\/index.php?rest_route=%2Fwp%2Fv2%2Fmedia&parent=9537"}],"wp:term":[{"taxonomy":"category","embeddable":true,"href":"https:\/\/www.radiointeractivo.com.mx\/index.php?rest_route=%2Fwp%2Fv2%2Fcategories&post=9537"},{"taxonomy":"post_tag","embeddable":true,"href":"https:\/\/www.radiointeractivo.com.mx\/index.php?rest_route=%2Fwp%2Fv2%2Ftags&post=9537"}],"curies":[{"name":"wp","href":"https:\/\/api.w.org\/{rel}","templated":true}]}}