{"id":9530,"date":"2024-08-07T20:44:31","date_gmt":"2024-08-08T01:44:31","guid":{"rendered":"https:\/\/www.radiointeractivo.com.mx\/?p=9530"},"modified":"2024-08-07T20:44:33","modified_gmt":"2024-08-08T01:44:33","slug":"inicia-temporada-de-caza-de-paloma-ala-blanca-2024","status":"publish","type":"post","link":"https:\/\/www.radiointeractivo.com.mx\/?p=9530","title":{"rendered":"Inicia temporada de caza de paloma ala blanca 2024"},"content":{"rendered":"\n<figure class=\"wp-block-image size-large\"><img loading=\"lazy\" decoding=\"async\" width=\"1024\" height=\"601\" src=\"https:\/\/www.radiointeractivo.com.mx\/wp-content\/uploads\/2024\/08\/WhatsApp-Image-2024-08-07-at-4.03.47-PM-1024x601.jpeg\" alt=\"\" class=\"wp-image-9531\" srcset=\"https:\/\/www.radiointeractivo.com.mx\/wp-content\/uploads\/2024\/08\/WhatsApp-Image-2024-08-07-at-4.03.47-PM-1024x601.jpeg 1024w, https:\/\/www.radiointeractivo.com.mx\/wp-content\/uploads\/2024\/08\/WhatsApp-Image-2024-08-07-at-4.03.47-PM-300x176.jpeg 300w, https:\/\/www.radiointeractivo.com.mx\/wp-content\/uploads\/2024\/08\/WhatsApp-Image-2024-08-07-at-4.03.47-PM-768x451.jpeg 768w, https:\/\/www.radiointeractivo.com.mx\/wp-content\/uploads\/2024\/08\/WhatsApp-Image-2024-08-07-at-4.03.47-PM-1536x901.jpeg 1536w, https:\/\/www.radiointeractivo.com.mx\/wp-content\/uploads\/2024\/08\/WhatsApp-Image-2024-08-07-at-4.03.47-PM.jpeg 1600w\" sizes=\"auto, (max-width: 1024px) 100vw, 1024px\" \/><\/figure>\n\n\n\n<p>-Comienza una tradici\u00f3n que atrae a cazadores nacionales y extranjeros principalmente a la regi\u00f3n de San Fernando, una de las zonas m\u00e1s productivas en t\u00e9rminos de turismo cineg\u00e9tico<\/p>\n\n\n\n<p>Por: Agencias<\/p>\n\n\n\n<p>Ciudad Victoria, Tamaulipas.- La Comisi\u00f3n de Caza y Pesca Deportiva, en coordinaci\u00f3n con las autoridades municipales de San Fernando y representantes de medio ambiente y campos cineg\u00e9ticos, inaugur\u00f3 formalmente la temporada de caza de la paloma de ala blanca. Este evento marca el comienzo de una tradici\u00f3n que atrae a cazadores de todo el pa\u00eds y del extranjero.<\/p>\n\n\n\n<p>En este sentido, el vocal ejecutivo de la Comisi\u00f3n de Caza y Pesca Deportiva, Luis Eduardo Garc\u00eda Reyes, destac\u00f3 la calidad de las temporadas de palomas y aves migratorias en los campos cineg\u00e9ticos de Wide Open Outfitters, Las Palomas de Loma Colorada, Campo Rub\u00e9n Hunts, No Le Hace Ranch, M\u00e9xico Wing Shooting y Juan Olvera.<\/p>\n\n\n\n<p>&#8220;El objetivo de esta reuni\u00f3n es establecer una estrecha coordinaci\u00f3n para que la<\/p>\n\n\n\n<p>temporada se desarrolle con \u00e9xito y que los cazadores locales y extranjeros puedan practicar la cacer\u00eda de palomas y aves migratorias\u201d.<\/p>\n\n\n\n<p>Precis\u00f3 que estas acciones se realizan con el apoyo y supervisi\u00f3n de la Secretar\u00eda de Medio Ambiente y Recursos Naturales (SEMARNAT) y la Procuradur\u00eda Federal de Protecci\u00f3n al Ambiente (PROFEPA), para garantizar que se respeten las normas ambientales.<\/p>\n\n\n\n<p>Garc\u00eda Reyes explic\u00f3 que Tamaulipas, y en particular el municipio de San Fernando, es una de las zonas m\u00e1s productivas en t\u00e9rminos de turismo cineg\u00e9tico. Por esta raz\u00f3n, afirm\u00f3 que la Comisi\u00f3n de Caza y Pesca Deportiva siempre ha prestado especial atenci\u00f3n a este sector, colaborando estrechamente con el estado y la federaci\u00f3n para asegurar el desarrollo sostenible y seguro de estas actividades.<\/p>\n","protected":false},"excerpt":{"rendered":"<p>-Comienza una tradici\u00f3n que atrae a cazadores nacionales y extranjeros principalmente a la regi\u00f3n de San Fernando, una de las zonas m\u00e1s productivas en t\u00e9rminos de turismo cineg\u00e9tico Por: Agencias Ciudad Victoria, Tamaulipas.- La Comisi\u00f3n de Caza y Pesca Deportiva, en coordinaci\u00f3n con las autoridades municipales de San Fernando y representantes de medio ambiente y &hellip;<\/p>\n","protected":false},"author":1,"featured_media":9531,"comment_status":"open","ping_status":"open","sticky":false,"template":"","format":"standard","meta":{"footnotes":""},"categories":[39],"tags":[],"class_list":["post-9530","post","type-post","status-publish","format-standard","has-post-thumbnail","","category-tamaulipas"],"_links":{"self":[{"href":"https:\/\/www.radiointeractivo.com.mx\/index.php?rest_route=\/wp\/v2\/posts\/9530","targetHints":{"allow":["GET"]}}],"collection":[{"href":"https:\/\/www.radiointeractivo.com.mx\/index.php?rest_route=\/wp\/v2\/posts"}],"about":[{"href":"https:\/\/www.radiointeractivo.com.mx\/index.php?rest_route=\/wp\/v2\/types\/post"}],"author":[{"embeddable":true,"href":"https:\/\/www.radiointeractivo.com.mx\/index.php?rest_route=\/wp\/v2\/users\/1"}],"replies":[{"embeddable":true,"href":"https:\/\/www.radiointeractivo.com.mx\/index.php?rest_route=%2Fwp%2Fv2%2Fcomments&post=9530"}],"version-history":[{"count":1,"href":"https:\/\/www.radiointeractivo.com.mx\/index.php?rest_route=\/wp\/v2\/posts\/9530\/revisions"}],"predecessor-version":[{"id":9532,"href":"https:\/\/www.radiointeractivo.com.mx\/index.php?rest_route=\/wp\/v2\/posts\/9530\/revisions\/9532"}],"wp:featuredmedia":[{"embeddable":true,"href":"https:\/\/www.radiointeractivo.com.mx\/index.php?rest_route=\/wp\/v2\/media\/9531"}],"wp:attachment":[{"href":"https:\/\/www.radiointeractivo.com.mx\/index.php?rest_route=%2Fwp%2Fv2%2Fmedia&parent=9530"}],"wp:term":[{"taxonomy":"category","embeddable":true,"href":"https:\/\/www.radiointeractivo.com.mx\/index.php?rest_route=%2Fwp%2Fv2%2Fcategories&post=9530"},{"taxonomy":"post_tag","embeddable":true,"href":"https:\/\/www.radiointeractivo.com.mx\/index.php?rest_route=%2Fwp%2Fv2%2Ftags&post=9530"}],"curies":[{"name":"wp","href":"https:\/\/api.w.org\/{rel}","templated":true}]}}