{"id":9454,"date":"2024-08-05T14:58:37","date_gmt":"2024-08-05T19:58:37","guid":{"rendered":"https:\/\/www.radiointeractivo.com.mx\/?p=9454"},"modified":"2024-08-05T14:58:39","modified_gmt":"2024-08-05T19:58:39","slug":"realizara-gobierno-municipal-expo-regreso-a-clases","status":"publish","type":"post","link":"https:\/\/www.radiointeractivo.com.mx\/?p=9454","title":{"rendered":"REALIZAR\u00c1 GOBIERNO MUNICIPAL EXPO REGRESO A CLASES"},"content":{"rendered":"\n<figure class=\"wp-block-image size-large\"><img loading=\"lazy\" decoding=\"async\" width=\"1024\" height=\"682\" src=\"https:\/\/www.radiointeractivo.com.mx\/wp-content\/uploads\/2024\/08\/WhatsApp-Image-2024-08-05-at-2.19.14-PM-1-1024x682.jpeg\" alt=\"\" class=\"wp-image-9455\" srcset=\"https:\/\/www.radiointeractivo.com.mx\/wp-content\/uploads\/2024\/08\/WhatsApp-Image-2024-08-05-at-2.19.14-PM-1-1024x682.jpeg 1024w, https:\/\/www.radiointeractivo.com.mx\/wp-content\/uploads\/2024\/08\/WhatsApp-Image-2024-08-05-at-2.19.14-PM-1-300x200.jpeg 300w, https:\/\/www.radiointeractivo.com.mx\/wp-content\/uploads\/2024\/08\/WhatsApp-Image-2024-08-05-at-2.19.14-PM-1-768x512.jpeg 768w, https:\/\/www.radiointeractivo.com.mx\/wp-content\/uploads\/2024\/08\/WhatsApp-Image-2024-08-05-at-2.19.14-PM-1-310x205.jpeg 310w, https:\/\/www.radiointeractivo.com.mx\/wp-content\/uploads\/2024\/08\/WhatsApp-Image-2024-08-05-at-2.19.14-PM-1.jpeg 1280w\" sizes=\"auto, (max-width: 1024px) 100vw, 1024px\" \/><\/figure>\n\n\n\n<p>Por: Staff | #NuevoLaredo #Laredo #NLD #Tamaulipas<\/p>\n\n\n\n<p>En agosto se llevar\u00e1 a cabo la \u201cExpo Regreso a Clases\u201d con la intenci\u00f3n de que los padres de familia encuentren los art\u00edculos escolares en un solo lugar y a bajo costo.<\/p>\n\n\n\n<p>Por dos d\u00edas los ciudadanos tendr\u00e1n la oportunidad de acudir al Centro C\u00edvico \u201cCarlos Cant\u00fa Rosas\u201d, en el que m\u00e1s de 50 negocios como papeler\u00edas, mercer\u00edas, zapater\u00edas, tiendas de uniformes y otros expondr\u00e1n sus productos con descuento.<\/p>\n\n\n\n<p>\u201cEs una buena oportunidad que estaremos ofreciendo invitamos a los ciudadanos para que acudan, de verdad que se ofrecen muy buenos precios para cuidar la econom\u00eda de las familias\u201d, dijo Jaime Mireles de la Cruz, director de Comercio, Empleo y Pymes.<\/p>\n\n\n\n<p>Se realizar\u00e1 el pr\u00f3ximo 22 y 23 de agosto en el Centro C\u00edvico de 9:00 de la ma\u00f1ana hasta las 7:00 de la tarde. Este evento se realiza en conjunto con la C\u00e1mara Nacional de Comercio (CANACO).<\/p>\n\n\n\n<p>En el \u00faltimo evento de \u201cExpo regreso a clases\u201d tuvo una asistencia de m\u00e1s de 2 mil personas el cual demuestra que es una excelente opci\u00f3n para los ciudadanos.<\/p>\n","protected":false},"excerpt":{"rendered":"<p>Por: Staff | #NuevoLaredo #Laredo #NLD #Tamaulipas En agosto se llevar\u00e1 a cabo la \u201cExpo Regreso a Clases\u201d con la intenci\u00f3n de que los padres de familia encuentren los art\u00edculos escolares en un solo lugar y a bajo costo. Por dos d\u00edas los ciudadanos tendr\u00e1n la oportunidad de acudir al Centro C\u00edvico \u201cCarlos Cant\u00fa Rosas\u201d, &hellip;<\/p>\n","protected":false},"author":1,"featured_media":9456,"comment_status":"open","ping_status":"open","sticky":false,"template":"","format":"standard","meta":{"footnotes":""},"categories":[38],"tags":[],"class_list":["post-9454","post","type-post","status-publish","format-standard","has-post-thumbnail","","category-nuevo-laredo"],"_links":{"self":[{"href":"https:\/\/www.radiointeractivo.com.mx\/index.php?rest_route=\/wp\/v2\/posts\/9454","targetHints":{"allow":["GET"]}}],"collection":[{"href":"https:\/\/www.radiointeractivo.com.mx\/index.php?rest_route=\/wp\/v2\/posts"}],"about":[{"href":"https:\/\/www.radiointeractivo.com.mx\/index.php?rest_route=\/wp\/v2\/types\/post"}],"author":[{"embeddable":true,"href":"https:\/\/www.radiointeractivo.com.mx\/index.php?rest_route=\/wp\/v2\/users\/1"}],"replies":[{"embeddable":true,"href":"https:\/\/www.radiointeractivo.com.mx\/index.php?rest_route=%2Fwp%2Fv2%2Fcomments&post=9454"}],"version-history":[{"count":1,"href":"https:\/\/www.radiointeractivo.com.mx\/index.php?rest_route=\/wp\/v2\/posts\/9454\/revisions"}],"predecessor-version":[{"id":9457,"href":"https:\/\/www.radiointeractivo.com.mx\/index.php?rest_route=\/wp\/v2\/posts\/9454\/revisions\/9457"}],"wp:featuredmedia":[{"embeddable":true,"href":"https:\/\/www.radiointeractivo.com.mx\/index.php?rest_route=\/wp\/v2\/media\/9456"}],"wp:attachment":[{"href":"https:\/\/www.radiointeractivo.com.mx\/index.php?rest_route=%2Fwp%2Fv2%2Fmedia&parent=9454"}],"wp:term":[{"taxonomy":"category","embeddable":true,"href":"https:\/\/www.radiointeractivo.com.mx\/index.php?rest_route=%2Fwp%2Fv2%2Fcategories&post=9454"},{"taxonomy":"post_tag","embeddable":true,"href":"https:\/\/www.radiointeractivo.com.mx\/index.php?rest_route=%2Fwp%2Fv2%2Ftags&post=9454"}],"curies":[{"name":"wp","href":"https:\/\/api.w.org\/{rel}","templated":true}]}}