{"id":9436,"date":"2024-08-04T17:02:14","date_gmt":"2024-08-04T22:02:14","guid":{"rendered":"https:\/\/www.radiointeractivo.com.mx\/?p=9436"},"modified":"2024-08-04T17:02:15","modified_gmt":"2024-08-04T22:02:15","slug":"gobierno-municipal-hace-un-llamado-a-los-jovenes-para-realizar-tramite-de-la-cartilla-militar","status":"publish","type":"post","link":"https:\/\/www.radiointeractivo.com.mx\/?p=9436","title":{"rendered":"GOBIERNO MUNICIPAL HACE UN LLAMADO A LOS J\u00d3VENES PARA REALIZAR TR\u00c1MITE DE LA CARTILLA MILITAR"},"content":{"rendered":"\n<figure class=\"wp-block-image size-large\"><img loading=\"lazy\" decoding=\"async\" width=\"1024\" height=\"682\" src=\"https:\/\/www.radiointeractivo.com.mx\/wp-content\/uploads\/2024\/08\/WhatsApp-Image-2024-08-04-at-12.08.33-PM-1024x682.jpeg\" alt=\"\" class=\"wp-image-9437\" srcset=\"https:\/\/www.radiointeractivo.com.mx\/wp-content\/uploads\/2024\/08\/WhatsApp-Image-2024-08-04-at-12.08.33-PM-1024x682.jpeg 1024w, https:\/\/www.radiointeractivo.com.mx\/wp-content\/uploads\/2024\/08\/WhatsApp-Image-2024-08-04-at-12.08.33-PM-300x200.jpeg 300w, https:\/\/www.radiointeractivo.com.mx\/wp-content\/uploads\/2024\/08\/WhatsApp-Image-2024-08-04-at-12.08.33-PM-768x512.jpeg 768w, https:\/\/www.radiointeractivo.com.mx\/wp-content\/uploads\/2024\/08\/WhatsApp-Image-2024-08-04-at-12.08.33-PM-310x205.jpeg 310w, https:\/\/www.radiointeractivo.com.mx\/wp-content\/uploads\/2024\/08\/WhatsApp-Image-2024-08-04-at-12.08.33-PM.jpeg 1280w\" sizes=\"auto, (max-width: 1024px) 100vw, 1024px\" \/><\/figure>\n\n\n\n<p>Por: Staff | #NuevoLaredo #Laredo #NLD #Tamaulipas<\/p>\n\n\n\n<p>Por medio de la Junta Municipal de Reclutamiento y Fomento C\u00edvico se hace un llamado a j\u00f3venes conscriptos de la clase 2006 y remisos a tramitar su Cartilla Militar.<\/p>\n\n\n\n<p>Se atiende a los j\u00f3venes que han cumplido su mayor\u00eda de edad y tambi\u00e9n a los remisos adem\u00e1s a\u00fan se dispone de suficientes pre cartillas por lo que los interesados en registrarse para cumplir con su Servicio Militar Nacional, pueden acudir a la oficina para gestionarla.<\/p>\n\n\n\n<p>Los requisitos para hacer el tr\u00e1mite son: presentar acta de nacimiento original y copia; copias: del CURP, comprobante de domicilio, estudios y de la credencial de elector (si es mayor de edad). As\u00ed como cinco fotos tama\u00f1o credencial en papel mate en blanco y negro, con camisa blanca, sin bigote, sin barba y con cabello corto.<\/p>\n\n\n\n<p>En caso de ser remiso y for\u00e1neo, deber\u00e1 presentar constancia de inexistencia de cartilla militar, la cual deber\u00e1 ser expedida en el lugar de origen.<\/p>\n\n\n\n<p>Es importante destacar que la fecha l\u00edmite para inscribirse es el pr\u00f3ximo 15 de octubre.<\/p>\n\n\n\n<p>La oficina de reclutamiento est\u00e1 ubicada en el Centro C\u00edvico, H\u00e9roe de Nacataz y Reynosa y tiene un horario de lunes a viernes de 8:00 de la ma\u00f1ana a 3:00 de la tarde, para m\u00e1s informaci\u00f3n comunicarse al tel\u00e9fono (867) 712-59-98 y 712-33-37.<\/p>\n","protected":false},"excerpt":{"rendered":"<p>Por: Staff | #NuevoLaredo #Laredo #NLD #Tamaulipas Por medio de la Junta Municipal de Reclutamiento y Fomento C\u00edvico se hace un llamado a j\u00f3venes conscriptos de la clase 2006 y remisos a tramitar su Cartilla Militar. Se atiende a los j\u00f3venes que han cumplido su mayor\u00eda de edad y tambi\u00e9n a los remisos adem\u00e1s a\u00fan &hellip;<\/p>\n","protected":false},"author":1,"featured_media":9438,"comment_status":"open","ping_status":"open","sticky":false,"template":"","format":"standard","meta":{"footnotes":""},"categories":[38],"tags":[],"class_list":["post-9436","post","type-post","status-publish","format-standard","has-post-thumbnail","","category-nuevo-laredo"],"_links":{"self":[{"href":"https:\/\/www.radiointeractivo.com.mx\/index.php?rest_route=\/wp\/v2\/posts\/9436","targetHints":{"allow":["GET"]}}],"collection":[{"href":"https:\/\/www.radiointeractivo.com.mx\/index.php?rest_route=\/wp\/v2\/posts"}],"about":[{"href":"https:\/\/www.radiointeractivo.com.mx\/index.php?rest_route=\/wp\/v2\/types\/post"}],"author":[{"embeddable":true,"href":"https:\/\/www.radiointeractivo.com.mx\/index.php?rest_route=\/wp\/v2\/users\/1"}],"replies":[{"embeddable":true,"href":"https:\/\/www.radiointeractivo.com.mx\/index.php?rest_route=%2Fwp%2Fv2%2Fcomments&post=9436"}],"version-history":[{"count":1,"href":"https:\/\/www.radiointeractivo.com.mx\/index.php?rest_route=\/wp\/v2\/posts\/9436\/revisions"}],"predecessor-version":[{"id":9439,"href":"https:\/\/www.radiointeractivo.com.mx\/index.php?rest_route=\/wp\/v2\/posts\/9436\/revisions\/9439"}],"wp:featuredmedia":[{"embeddable":true,"href":"https:\/\/www.radiointeractivo.com.mx\/index.php?rest_route=\/wp\/v2\/media\/9438"}],"wp:attachment":[{"href":"https:\/\/www.radiointeractivo.com.mx\/index.php?rest_route=%2Fwp%2Fv2%2Fmedia&parent=9436"}],"wp:term":[{"taxonomy":"category","embeddable":true,"href":"https:\/\/www.radiointeractivo.com.mx\/index.php?rest_route=%2Fwp%2Fv2%2Fcategories&post=9436"},{"taxonomy":"post_tag","embeddable":true,"href":"https:\/\/www.radiointeractivo.com.mx\/index.php?rest_route=%2Fwp%2Fv2%2Ftags&post=9436"}],"curies":[{"name":"wp","href":"https:\/\/api.w.org\/{rel}","templated":true}]}}