{"id":9402,"date":"2024-08-02T15:39:39","date_gmt":"2024-08-02T20:39:39","guid":{"rendered":"https:\/\/www.radiointeractivo.com.mx\/?p=9402"},"modified":"2024-08-02T15:39:40","modified_gmt":"2024-08-02T20:39:40","slug":"lista-escuela-de-musica-del-dif-para-iniciar-actividades","status":"publish","type":"post","link":"https:\/\/www.radiointeractivo.com.mx\/?p=9402","title":{"rendered":"LISTA ESCUELA DE M\u00daSICA DEL DIF PARA INICIAR ACTIVIDADES"},"content":{"rendered":"\n<figure class=\"wp-block-image size-large\"><img loading=\"lazy\" decoding=\"async\" width=\"1024\" height=\"682\" src=\"https:\/\/www.radiointeractivo.com.mx\/wp-content\/uploads\/2024\/08\/WhatsApp-Image-2024-08-02-at-2.50.56-PM-1024x682.jpeg\" alt=\"\" class=\"wp-image-9403\" srcset=\"https:\/\/www.radiointeractivo.com.mx\/wp-content\/uploads\/2024\/08\/WhatsApp-Image-2024-08-02-at-2.50.56-PM-1024x682.jpeg 1024w, https:\/\/www.radiointeractivo.com.mx\/wp-content\/uploads\/2024\/08\/WhatsApp-Image-2024-08-02-at-2.50.56-PM-300x200.jpeg 300w, https:\/\/www.radiointeractivo.com.mx\/wp-content\/uploads\/2024\/08\/WhatsApp-Image-2024-08-02-at-2.50.56-PM-768x512.jpeg 768w, https:\/\/www.radiointeractivo.com.mx\/wp-content\/uploads\/2024\/08\/WhatsApp-Image-2024-08-02-at-2.50.56-PM-310x205.jpeg 310w, https:\/\/www.radiointeractivo.com.mx\/wp-content\/uploads\/2024\/08\/WhatsApp-Image-2024-08-02-at-2.50.56-PM.jpeg 1280w\" sizes=\"auto, (max-width: 1024px) 100vw, 1024px\" \/><\/figure>\n\n\n\n<p>Por: Staff | #NuevoLaredo #Laredo #NLD #Tamaulipas<\/p>\n\n\n\n<p>Como una forma de divertirse, aprender y ampliar sus conocimientos musicales, el Sistema para el Desarrollo Integral de la Familia (DIF) hace una invitaci\u00f3n a inscribirse en los cursos gratuitos que ofrece la Escuela de M\u00fasica del DIF.<\/p>\n\n\n\n<p>Con la finalidad de ofrecer diversas disciplinas y actividades, habr\u00e1 cursos de coro y canto; as\u00ed como clases para aprender o perfeccionar el manejo de instrumentos como: teclados, guitarra ac\u00fastica y el\u00e9ctrica, flauta moderna, clarinete, saxof\u00f3n, trompeta, ukelele, bugle, corno franc\u00e9s, tuba, percusi\u00f3n y bater\u00eda.<\/p>\n\n\n\n<p>Las inscripciones iniciar\u00e1n a partir de este lunes 5 de agosto en Eva S\u00e1mano #151 en la colonia La Fe, dentro de un horario de 8 de la ma\u00f1ana a 3 de la tarde.<\/p>\n\n\n\n<p>Para mayor informaci\u00f3n, los interesados pueden comunicarse en el mismo horario al tel\u00e9fono 867 736 4000.<\/p>\n","protected":false},"excerpt":{"rendered":"<p>Por: Staff | #NuevoLaredo #Laredo #NLD #Tamaulipas Como una forma de divertirse, aprender y ampliar sus conocimientos musicales, el Sistema para el Desarrollo Integral de la Familia (DIF) hace una invitaci\u00f3n a inscribirse en los cursos gratuitos que ofrece la Escuela de M\u00fasica del DIF. Con la finalidad de ofrecer diversas disciplinas y actividades, habr\u00e1 &hellip;<\/p>\n","protected":false},"author":1,"featured_media":9404,"comment_status":"open","ping_status":"open","sticky":false,"template":"","format":"standard","meta":{"footnotes":""},"categories":[38],"tags":[],"class_list":["post-9402","post","type-post","status-publish","format-standard","has-post-thumbnail","","category-nuevo-laredo"],"_links":{"self":[{"href":"https:\/\/www.radiointeractivo.com.mx\/index.php?rest_route=\/wp\/v2\/posts\/9402","targetHints":{"allow":["GET"]}}],"collection":[{"href":"https:\/\/www.radiointeractivo.com.mx\/index.php?rest_route=\/wp\/v2\/posts"}],"about":[{"href":"https:\/\/www.radiointeractivo.com.mx\/index.php?rest_route=\/wp\/v2\/types\/post"}],"author":[{"embeddable":true,"href":"https:\/\/www.radiointeractivo.com.mx\/index.php?rest_route=\/wp\/v2\/users\/1"}],"replies":[{"embeddable":true,"href":"https:\/\/www.radiointeractivo.com.mx\/index.php?rest_route=%2Fwp%2Fv2%2Fcomments&post=9402"}],"version-history":[{"count":1,"href":"https:\/\/www.radiointeractivo.com.mx\/index.php?rest_route=\/wp\/v2\/posts\/9402\/revisions"}],"predecessor-version":[{"id":9405,"href":"https:\/\/www.radiointeractivo.com.mx\/index.php?rest_route=\/wp\/v2\/posts\/9402\/revisions\/9405"}],"wp:featuredmedia":[{"embeddable":true,"href":"https:\/\/www.radiointeractivo.com.mx\/index.php?rest_route=\/wp\/v2\/media\/9404"}],"wp:attachment":[{"href":"https:\/\/www.radiointeractivo.com.mx\/index.php?rest_route=%2Fwp%2Fv2%2Fmedia&parent=9402"}],"wp:term":[{"taxonomy":"category","embeddable":true,"href":"https:\/\/www.radiointeractivo.com.mx\/index.php?rest_route=%2Fwp%2Fv2%2Fcategories&post=9402"},{"taxonomy":"post_tag","embeddable":true,"href":"https:\/\/www.radiointeractivo.com.mx\/index.php?rest_route=%2Fwp%2Fv2%2Ftags&post=9402"}],"curies":[{"name":"wp","href":"https:\/\/api.w.org\/{rel}","templated":true}]}}