{"id":9369,"date":"2024-08-01T14:08:12","date_gmt":"2024-08-01T19:08:12","guid":{"rendered":"https:\/\/www.radiointeractivo.com.mx\/?p=9369"},"modified":"2024-08-01T14:08:13","modified_gmt":"2024-08-01T19:08:13","slug":"reactivara-gobierno-municipal-empleo-en-tu-colonia","status":"publish","type":"post","link":"https:\/\/www.radiointeractivo.com.mx\/?p=9369","title":{"rendered":"REACTIVAR\u00c1 GOBIERNO MUNICIPAL \u201cEMPLEO EN TU COLONIA\u201d"},"content":{"rendered":"\n<figure class=\"wp-block-image size-large\"><img loading=\"lazy\" decoding=\"async\" width=\"1024\" height=\"682\" src=\"https:\/\/www.radiointeractivo.com.mx\/wp-content\/uploads\/2024\/08\/WhatsApp-Image-2024-08-01-at-1.28.33-PM-1024x682.jpeg\" alt=\"\" class=\"wp-image-9370\" srcset=\"https:\/\/www.radiointeractivo.com.mx\/wp-content\/uploads\/2024\/08\/WhatsApp-Image-2024-08-01-at-1.28.33-PM-1024x682.jpeg 1024w, https:\/\/www.radiointeractivo.com.mx\/wp-content\/uploads\/2024\/08\/WhatsApp-Image-2024-08-01-at-1.28.33-PM-300x200.jpeg 300w, https:\/\/www.radiointeractivo.com.mx\/wp-content\/uploads\/2024\/08\/WhatsApp-Image-2024-08-01-at-1.28.33-PM-768x512.jpeg 768w, https:\/\/www.radiointeractivo.com.mx\/wp-content\/uploads\/2024\/08\/WhatsApp-Image-2024-08-01-at-1.28.33-PM-1536x1023.jpeg 1536w, https:\/\/www.radiointeractivo.com.mx\/wp-content\/uploads\/2024\/08\/WhatsApp-Image-2024-08-01-at-1.28.33-PM-310x205.jpeg 310w, https:\/\/www.radiointeractivo.com.mx\/wp-content\/uploads\/2024\/08\/WhatsApp-Image-2024-08-01-at-1.28.33-PM.jpeg 1600w\" sizes=\"auto, (max-width: 1024px) 100vw, 1024px\" \/><\/figure>\n\n\n\n<p>Por: Staff | #NuevoLaredo #Laredo #NLD #Tamaulipas<\/p>\n\n\n\n<p>Para brindar oportunidades de empleo dignas a todos los neolaredenses, el programa de \u201cEmpleo en tu colonia\u201d reactivar\u00e1 sus actividades habituales, con dos eventos para acercar ofertas laborales en las colonias.<\/p>\n\n\n\n<p>El mi\u00e9rcoles 7 de agosto el programa de la secretar\u00eda de desarrollo econ\u00f3mico, se trasladar\u00e1 a las canchas de \u00e9l \u201cEl Progreso\u201d, ubicadas en bulevar Rea y Quimera, dentro de un horario de 9 de la ma\u00f1ana a 1 de la tarde, mientras que el viernes 9 de agosto, en el mismo horario se realizar\u00e1 en la Explanada Esteban Baca Calder\u00f3n.<\/p>\n\n\n\n<p>Por medio de estas actividades, la ciudadan\u00eda tiene la oportunidad de encontrar una opci\u00f3n laboral, pues se instalan empresas comerciales y servicios, maquiladoras, agencias aduanales que buscan cubrir sus vacantes.<\/p>\n","protected":false},"excerpt":{"rendered":"<p>Por: Staff | #NuevoLaredo #Laredo #NLD #Tamaulipas Para brindar oportunidades de empleo dignas a todos los neolaredenses, el programa de \u201cEmpleo en tu colonia\u201d reactivar\u00e1 sus actividades habituales, con dos eventos para acercar ofertas laborales en las colonias. El mi\u00e9rcoles 7 de agosto el programa de la secretar\u00eda de desarrollo econ\u00f3mico, se trasladar\u00e1 a las &hellip;<\/p>\n","protected":false},"author":1,"featured_media":9371,"comment_status":"open","ping_status":"open","sticky":false,"template":"","format":"standard","meta":{"footnotes":""},"categories":[38],"tags":[],"class_list":["post-9369","post","type-post","status-publish","format-standard","has-post-thumbnail","","category-nuevo-laredo"],"_links":{"self":[{"href":"https:\/\/www.radiointeractivo.com.mx\/index.php?rest_route=\/wp\/v2\/posts\/9369","targetHints":{"allow":["GET"]}}],"collection":[{"href":"https:\/\/www.radiointeractivo.com.mx\/index.php?rest_route=\/wp\/v2\/posts"}],"about":[{"href":"https:\/\/www.radiointeractivo.com.mx\/index.php?rest_route=\/wp\/v2\/types\/post"}],"author":[{"embeddable":true,"href":"https:\/\/www.radiointeractivo.com.mx\/index.php?rest_route=\/wp\/v2\/users\/1"}],"replies":[{"embeddable":true,"href":"https:\/\/www.radiointeractivo.com.mx\/index.php?rest_route=%2Fwp%2Fv2%2Fcomments&post=9369"}],"version-history":[{"count":1,"href":"https:\/\/www.radiointeractivo.com.mx\/index.php?rest_route=\/wp\/v2\/posts\/9369\/revisions"}],"predecessor-version":[{"id":9372,"href":"https:\/\/www.radiointeractivo.com.mx\/index.php?rest_route=\/wp\/v2\/posts\/9369\/revisions\/9372"}],"wp:featuredmedia":[{"embeddable":true,"href":"https:\/\/www.radiointeractivo.com.mx\/index.php?rest_route=\/wp\/v2\/media\/9371"}],"wp:attachment":[{"href":"https:\/\/www.radiointeractivo.com.mx\/index.php?rest_route=%2Fwp%2Fv2%2Fmedia&parent=9369"}],"wp:term":[{"taxonomy":"category","embeddable":true,"href":"https:\/\/www.radiointeractivo.com.mx\/index.php?rest_route=%2Fwp%2Fv2%2Fcategories&post=9369"},{"taxonomy":"post_tag","embeddable":true,"href":"https:\/\/www.radiointeractivo.com.mx\/index.php?rest_route=%2Fwp%2Fv2%2Ftags&post=9369"}],"curies":[{"name":"wp","href":"https:\/\/api.w.org\/{rel}","templated":true}]}}