{"id":9316,"date":"2024-07-31T00:29:51","date_gmt":"2024-07-31T05:29:51","guid":{"rendered":"https:\/\/www.radiointeractivo.com.mx\/?p=9316"},"modified":"2024-07-31T00:29:52","modified_gmt":"2024-07-31T05:29:52","slug":"intensifica-salud-batalla-contra-el-dengue-anuncia-inversion-de-50-mdp","status":"publish","type":"post","link":"https:\/\/www.radiointeractivo.com.mx\/?p=9316","title":{"rendered":"Intensifica Salud batalla contra el dengue; anuncia inversi\u00f3n de 50 mdp"},"content":{"rendered":"\n<figure class=\"wp-block-image size-large\"><img loading=\"lazy\" decoding=\"async\" width=\"1024\" height=\"683\" src=\"https:\/\/www.radiointeractivo.com.mx\/wp-content\/uploads\/2024\/07\/WhatsApp-Image-2024-07-30-at-9.07.19-PM-1024x683.jpeg\" alt=\"\" class=\"wp-image-9317\" srcset=\"https:\/\/www.radiointeractivo.com.mx\/wp-content\/uploads\/2024\/07\/WhatsApp-Image-2024-07-30-at-9.07.19-PM-1024x683.jpeg 1024w, https:\/\/www.radiointeractivo.com.mx\/wp-content\/uploads\/2024\/07\/WhatsApp-Image-2024-07-30-at-9.07.19-PM-300x200.jpeg 300w, https:\/\/www.radiointeractivo.com.mx\/wp-content\/uploads\/2024\/07\/WhatsApp-Image-2024-07-30-at-9.07.19-PM-768x512.jpeg 768w, https:\/\/www.radiointeractivo.com.mx\/wp-content\/uploads\/2024\/07\/WhatsApp-Image-2024-07-30-at-9.07.19-PM-1536x1024.jpeg 1536w, https:\/\/www.radiointeractivo.com.mx\/wp-content\/uploads\/2024\/07\/WhatsApp-Image-2024-07-30-at-9.07.19-PM-2048x1365.jpeg 2048w\" sizes=\"auto, (max-width: 1024px) 100vw, 1024px\" \/><\/figure>\n\n\n\n<p>Por: Agencias<\/p>\n\n\n\n<p>Ciudad Victoria, Tamaulipas.&#8211;El Gobierno de Tamaulipas, a trav\u00e9s de la Secretar\u00eda de Salud, invertir\u00e1 alrededor de 50 millones de pesos, adicionales al presupuesto para combatir y prevenir el dengue, inform\u00f3 el secretario de Salud, Vicente Joel Hern\u00e1ndez Navarro.<\/p>\n\n\n\n<p>\u201cTenemos la indicaci\u00f3n del gobernador Am\u00e9rico Villarreal Anaya de comprar equipos de fumigaci\u00f3n, veh\u00edculos, insecticidas y todo lo necesario para dar la batalla al dengue; los recursos no ser\u00e1n una limitante para proteger y cuidar a la poblaci\u00f3n\u201d, afirm\u00f3 el secretario de Salud.<\/p>\n\n\n\n<p>El funcionario estatal present\u00f3 al gobernador, el programa \u201cBrigada Emergente contra el Dengue\u201d y recibi\u00f3 la instrucci\u00f3n de intensificar con todos los recursos humanos y materiales para que el dengue no se convierta en un problema de salud, como en el pasado.<\/p>\n\n\n\n<p>Dijo que se han priorizado acciones de prevenci\u00f3n y atenci\u00f3n m\u00e9dica, as\u00ed como preparativos ante una posible contingencia.<\/p>\n\n\n\n<p>Actualmente, a\u00f1adi\u00f3, se tienen registrados 263 casos de dengue; 219 no graves; 36 con signos de alarma y ocho graves. En la zona sur (Tampico y Madero) es donde se tiene la mayor incidencia.<\/p>\n\n\n\n<p>Record\u00f3 que en Tamaulipas se tuvo epidemias del dengue en 2005, 2013 y 2020.<\/p>\n\n\n\n<p>Hizo un llamado a la poblaci\u00f3n a sumarse a la campa\u00f1a estatal de descacharrizaci\u00f3n y acudir a los centros de salud y hospitales si manifiestan s\u00edntomas como fiebre, dolor de cabeza, de ojos, musculares, n\u00e1useas, v\u00f3mitos y salpullido.<\/p>\n","protected":false},"excerpt":{"rendered":"<p>Por: Agencias Ciudad Victoria, Tamaulipas.&#8211;El Gobierno de Tamaulipas, a trav\u00e9s de la Secretar\u00eda de Salud, invertir\u00e1 alrededor de 50 millones de pesos, adicionales al presupuesto para combatir y prevenir el dengue, inform\u00f3 el secretario de Salud, Vicente Joel Hern\u00e1ndez Navarro. \u201cTenemos la indicaci\u00f3n del gobernador Am\u00e9rico Villarreal Anaya de comprar equipos de fumigaci\u00f3n, veh\u00edculos, insecticidas &hellip;<\/p>\n","protected":false},"author":1,"featured_media":9317,"comment_status":"open","ping_status":"open","sticky":false,"template":"","format":"standard","meta":{"footnotes":""},"categories":[39],"tags":[],"class_list":["post-9316","post","type-post","status-publish","format-standard","has-post-thumbnail","","category-tamaulipas"],"_links":{"self":[{"href":"https:\/\/www.radiointeractivo.com.mx\/index.php?rest_route=\/wp\/v2\/posts\/9316","targetHints":{"allow":["GET"]}}],"collection":[{"href":"https:\/\/www.radiointeractivo.com.mx\/index.php?rest_route=\/wp\/v2\/posts"}],"about":[{"href":"https:\/\/www.radiointeractivo.com.mx\/index.php?rest_route=\/wp\/v2\/types\/post"}],"author":[{"embeddable":true,"href":"https:\/\/www.radiointeractivo.com.mx\/index.php?rest_route=\/wp\/v2\/users\/1"}],"replies":[{"embeddable":true,"href":"https:\/\/www.radiointeractivo.com.mx\/index.php?rest_route=%2Fwp%2Fv2%2Fcomments&post=9316"}],"version-history":[{"count":1,"href":"https:\/\/www.radiointeractivo.com.mx\/index.php?rest_route=\/wp\/v2\/posts\/9316\/revisions"}],"predecessor-version":[{"id":9318,"href":"https:\/\/www.radiointeractivo.com.mx\/index.php?rest_route=\/wp\/v2\/posts\/9316\/revisions\/9318"}],"wp:featuredmedia":[{"embeddable":true,"href":"https:\/\/www.radiointeractivo.com.mx\/index.php?rest_route=\/wp\/v2\/media\/9317"}],"wp:attachment":[{"href":"https:\/\/www.radiointeractivo.com.mx\/index.php?rest_route=%2Fwp%2Fv2%2Fmedia&parent=9316"}],"wp:term":[{"taxonomy":"category","embeddable":true,"href":"https:\/\/www.radiointeractivo.com.mx\/index.php?rest_route=%2Fwp%2Fv2%2Fcategories&post=9316"},{"taxonomy":"post_tag","embeddable":true,"href":"https:\/\/www.radiointeractivo.com.mx\/index.php?rest_route=%2Fwp%2Fv2%2Ftags&post=9316"}],"curies":[{"name":"wp","href":"https:\/\/api.w.org\/{rel}","templated":true}]}}