{"id":9230,"date":"2024-07-24T16:45:18","date_gmt":"2024-07-24T21:45:18","guid":{"rendered":"https:\/\/www.radiointeractivo.com.mx\/?p=9230"},"modified":"2024-07-24T16:45:22","modified_gmt":"2024-07-24T21:45:22","slug":"invita-direccion-de-turismo-a-disfrutar-viernes-de-danzon-y-fiesta","status":"publish","type":"post","link":"https:\/\/www.radiointeractivo.com.mx\/?p=9230","title":{"rendered":"INVITA DIRECCI\u00d3N DE TURISMO A DISFRUTAR VIERNES DE \u201cDANZ\u00d3N Y FIESTA\u201d"},"content":{"rendered":"\n<figure class=\"wp-block-image size-large\"><img loading=\"lazy\" decoding=\"async\" width=\"1024\" height=\"682\" src=\"https:\/\/www.radiointeractivo.com.mx\/wp-content\/uploads\/2024\/07\/WhatsApp-Image-2024-07-24-at-1.26.15-PM-1024x682.jpeg\" alt=\"\" class=\"wp-image-9231\" srcset=\"https:\/\/www.radiointeractivo.com.mx\/wp-content\/uploads\/2024\/07\/WhatsApp-Image-2024-07-24-at-1.26.15-PM-1024x682.jpeg 1024w, https:\/\/www.radiointeractivo.com.mx\/wp-content\/uploads\/2024\/07\/WhatsApp-Image-2024-07-24-at-1.26.15-PM-300x200.jpeg 300w, https:\/\/www.radiointeractivo.com.mx\/wp-content\/uploads\/2024\/07\/WhatsApp-Image-2024-07-24-at-1.26.15-PM-768x512.jpeg 768w, https:\/\/www.radiointeractivo.com.mx\/wp-content\/uploads\/2024\/07\/WhatsApp-Image-2024-07-24-at-1.26.15-PM-310x205.jpeg 310w, https:\/\/www.radiointeractivo.com.mx\/wp-content\/uploads\/2024\/07\/WhatsApp-Image-2024-07-24-at-1.26.15-PM.jpeg 1280w\" sizes=\"auto, (max-width: 1024px) 100vw, 1024px\" \/><\/figure>\n\n\n\n<p>Por: Staff | #NuevoLaredo #Laredo #NLD #Tamaulipas<\/p>\n\n\n\n<p>Este viernes 26 de julio se llevar\u00e1 a cabo una edici\u00f3n m\u00e1s de \u201cDanz\u00f3n y Fiesta\u201d, en el que pueden acudir ni\u00f1os, j\u00f3venes y adultos a disfrutar de este evento lleno de m\u00fasica y baile.<\/p>\n\n\n\n<p>Esta ocasi\u00f3n para impulsar el talento local contar\u00e1 con la presencia del cantante Dante Santiago V\u00e1zquez Carre\u00f1o quien deleitar\u00e1 a los presentes con su voz.<\/p>\n\n\n\n<p>Se llevar\u00e1 a cabo en la plaza Ju\u00e1rez ubicada en Guerrero y Bravo a partir de las 7:30 de la tarde.<\/p>\n","protected":false},"excerpt":{"rendered":"<p>Por: Staff | #NuevoLaredo #Laredo #NLD #Tamaulipas Este viernes 26 de julio se llevar\u00e1 a cabo una edici\u00f3n m\u00e1s de \u201cDanz\u00f3n y Fiesta\u201d, en el que pueden acudir ni\u00f1os, j\u00f3venes y adultos a disfrutar de este evento lleno de m\u00fasica y baile. Esta ocasi\u00f3n para impulsar el talento local contar\u00e1 con la presencia del cantante &hellip;<\/p>\n","protected":false},"author":1,"featured_media":9231,"comment_status":"open","ping_status":"open","sticky":false,"template":"","format":"standard","meta":{"footnotes":""},"categories":[38],"tags":[],"class_list":["post-9230","post","type-post","status-publish","format-standard","has-post-thumbnail","","category-nuevo-laredo"],"_links":{"self":[{"href":"https:\/\/www.radiointeractivo.com.mx\/index.php?rest_route=\/wp\/v2\/posts\/9230","targetHints":{"allow":["GET"]}}],"collection":[{"href":"https:\/\/www.radiointeractivo.com.mx\/index.php?rest_route=\/wp\/v2\/posts"}],"about":[{"href":"https:\/\/www.radiointeractivo.com.mx\/index.php?rest_route=\/wp\/v2\/types\/post"}],"author":[{"embeddable":true,"href":"https:\/\/www.radiointeractivo.com.mx\/index.php?rest_route=\/wp\/v2\/users\/1"}],"replies":[{"embeddable":true,"href":"https:\/\/www.radiointeractivo.com.mx\/index.php?rest_route=%2Fwp%2Fv2%2Fcomments&post=9230"}],"version-history":[{"count":1,"href":"https:\/\/www.radiointeractivo.com.mx\/index.php?rest_route=\/wp\/v2\/posts\/9230\/revisions"}],"predecessor-version":[{"id":9232,"href":"https:\/\/www.radiointeractivo.com.mx\/index.php?rest_route=\/wp\/v2\/posts\/9230\/revisions\/9232"}],"wp:featuredmedia":[{"embeddable":true,"href":"https:\/\/www.radiointeractivo.com.mx\/index.php?rest_route=\/wp\/v2\/media\/9231"}],"wp:attachment":[{"href":"https:\/\/www.radiointeractivo.com.mx\/index.php?rest_route=%2Fwp%2Fv2%2Fmedia&parent=9230"}],"wp:term":[{"taxonomy":"category","embeddable":true,"href":"https:\/\/www.radiointeractivo.com.mx\/index.php?rest_route=%2Fwp%2Fv2%2Fcategories&post=9230"},{"taxonomy":"post_tag","embeddable":true,"href":"https:\/\/www.radiointeractivo.com.mx\/index.php?rest_route=%2Fwp%2Fv2%2Ftags&post=9230"}],"curies":[{"name":"wp","href":"https:\/\/api.w.org\/{rel}","templated":true}]}}