{"id":915,"date":"2023-09-01T19:47:28","date_gmt":"2023-09-01T19:47:28","guid":{"rendered":"https:\/\/www.radiointeractivo.com.mx\/?p=915"},"modified":"2023-09-01T19:47:29","modified_gmt":"2023-09-01T19:47:29","slug":"inauguran-consejo-consultivo-del-colegio-de-bachilleres-del-estado-de-tamaulipas","status":"publish","type":"post","link":"https:\/\/www.radiointeractivo.com.mx\/?p=915","title":{"rendered":"Inauguran Consejo Consultivo del Colegio de Bachilleres del Estado de Tamaulipas"},"content":{"rendered":"\n<p>Por: Agencias<\/p>\n\n\n\n<p>Ciudad Victoria, Tamaulipas. \u2013 Con la finalidad de brindar asesor\u00eda y apoyo a la direcci\u00f3n general, a trav\u00e9s del estudio, an\u00e1lisis y propuestas de soluci\u00f3n a las necesidades de los planteles en la entidad, el Colegio de Bachilleres del Estado de Tamaulipas arranc\u00f3 el Consejo Consultivo COBAT 2023.<\/p>\n\n\n\n<p>La secretaria de Educaci\u00f3n de Tamaulipas, Luc\u00eda Aim\u00e9 Castillo Pastor, asisti\u00f3 como testigo de honor e inaugur\u00f3 los trabajos del Consejo, previo al inicio del Ciclo Escolar 2023\u20132024, donde resalt\u00f3 la gran responsabilidad de las y los docentes para formar a estudiantes de calidad.<\/p>\n\n\n\n<p>\u201cUstedes son la piedra angular de la transformaci\u00f3n, son l\u00edderes y recuerden que el ejemplo arrastra. Por ello quiero invitarlos a redoblar los esfuerzos haciendo hincapi\u00e9 en el humanismo que caracteriza a este gobierno, a sumar lazos comunitarios en sus centros educativos, cada COBAT y todos los COBAT son familia y son parte de la gran familia de la comunidad educativa de Tamaulipas\u201d, destac\u00f3 Castillo Pastor.<\/p>\n\n\n\n<p>Por su parte, Rub\u00e9n Ely Ram\u00edrez Rivas, director general del Colegio de Bachilleres del Estado de Tamaulipas, dio la bienvenida a los nuevos directores de planteles que se integran al Consejo e indic\u00f3, que este encuentro permitir\u00e1 conocer la situaci\u00f3n actual de la instituci\u00f3n y definir el plan de acci\u00f3n, en beneficio de la comunidad estudiantil previo al arranque del nuevo ciclo.<\/p>\n\n\n\n<p>Durante tres d\u00edas, en el Centro Regional de Formaci\u00f3n Docente e Investigaci\u00f3n Educativa, directivos de los 65 centros educativos que integran el subsistema, acompa\u00f1ados por los titulares de las \u00e1reas de planeaci\u00f3n, acad\u00e9mica, administrativa, inform\u00e1tica y telecomunicaciones de la<br>direcci\u00f3n general, decidir\u00e1n las mejores acciones a tomar para tener una educaci\u00f3n con una visi\u00f3n humana, incluyente y de calidad, acorde a la pol\u00edtica del gobernador Am\u00e9rico Villarreal Anaya.<\/p>\n\n\n\n<p>A trav\u00e9s de foros de retroalimentaci\u00f3n, conferencias, talleres y mesas de trabajo, se abordan temas como: Hacia mejores pr\u00e1cticas de gesti\u00f3n directiva en el marco de la Nueva Escuela Mexicana y el Marco Curricular Com\u00fan de la Educaci\u00f3n Media Superior y Nuevas posibilidades de la gesti\u00f3n directiva, entre muchos otros.<\/p>\n","protected":false},"excerpt":{"rendered":"<p>Por: Agencias Ciudad Victoria, Tamaulipas. \u2013 Con la finalidad de brindar asesor\u00eda y apoyo a la direcci\u00f3n general, a trav\u00e9s del estudio, an\u00e1lisis y propuestas de soluci\u00f3n a las necesidades de los planteles en la entidad, el Colegio de Bachilleres del Estado de Tamaulipas arranc\u00f3 el Consejo Consultivo COBAT 2023. La secretaria de Educaci\u00f3n de &hellip;<\/p>\n","protected":false},"author":1,"featured_media":916,"comment_status":"open","ping_status":"open","sticky":false,"template":"","format":"standard","meta":{"footnotes":""},"categories":[39],"tags":[],"class_list":["post-915","post","type-post","status-publish","format-standard","has-post-thumbnail","","category-tamaulipas"],"_links":{"self":[{"href":"https:\/\/www.radiointeractivo.com.mx\/index.php?rest_route=\/wp\/v2\/posts\/915","targetHints":{"allow":["GET"]}}],"collection":[{"href":"https:\/\/www.radiointeractivo.com.mx\/index.php?rest_route=\/wp\/v2\/posts"}],"about":[{"href":"https:\/\/www.radiointeractivo.com.mx\/index.php?rest_route=\/wp\/v2\/types\/post"}],"author":[{"embeddable":true,"href":"https:\/\/www.radiointeractivo.com.mx\/index.php?rest_route=\/wp\/v2\/users\/1"}],"replies":[{"embeddable":true,"href":"https:\/\/www.radiointeractivo.com.mx\/index.php?rest_route=%2Fwp%2Fv2%2Fcomments&post=915"}],"version-history":[{"count":1,"href":"https:\/\/www.radiointeractivo.com.mx\/index.php?rest_route=\/wp\/v2\/posts\/915\/revisions"}],"predecessor-version":[{"id":917,"href":"https:\/\/www.radiointeractivo.com.mx\/index.php?rest_route=\/wp\/v2\/posts\/915\/revisions\/917"}],"wp:featuredmedia":[{"embeddable":true,"href":"https:\/\/www.radiointeractivo.com.mx\/index.php?rest_route=\/wp\/v2\/media\/916"}],"wp:attachment":[{"href":"https:\/\/www.radiointeractivo.com.mx\/index.php?rest_route=%2Fwp%2Fv2%2Fmedia&parent=915"}],"wp:term":[{"taxonomy":"category","embeddable":true,"href":"https:\/\/www.radiointeractivo.com.mx\/index.php?rest_route=%2Fwp%2Fv2%2Fcategories&post=915"},{"taxonomy":"post_tag","embeddable":true,"href":"https:\/\/www.radiointeractivo.com.mx\/index.php?rest_route=%2Fwp%2Fv2%2Ftags&post=915"}],"curies":[{"name":"wp","href":"https:\/\/api.w.org\/{rel}","templated":true}]}}