{"id":9142,"date":"2024-07-19T12:20:51","date_gmt":"2024-07-19T17:20:51","guid":{"rendered":"https:\/\/www.radiointeractivo.com.mx\/?p=9142"},"modified":"2024-07-19T12:20:52","modified_gmt":"2024-07-19T17:20:52","slug":"turismo-de-nuevo-laredo-orienta-e-invita-a-paisanos-a-disfrutar-de-la-ciudad","status":"publish","type":"post","link":"https:\/\/www.radiointeractivo.com.mx\/?p=9142","title":{"rendered":"TURISMO DE NUEVO LAREDO ORIENTA E INVITA A PAISANOS A DISFRUTAR DE LA CIUDAD"},"content":{"rendered":"\n<figure class=\"wp-block-image size-large\"><img loading=\"lazy\" decoding=\"async\" width=\"1024\" height=\"682\" src=\"https:\/\/www.radiointeractivo.com.mx\/wp-content\/uploads\/2024\/07\/WhatsApp-Image-2024-07-19-at-12.05.16-PM-1-1024x682.jpeg\" alt=\"\" class=\"wp-image-9143\" srcset=\"https:\/\/www.radiointeractivo.com.mx\/wp-content\/uploads\/2024\/07\/WhatsApp-Image-2024-07-19-at-12.05.16-PM-1-1024x682.jpeg 1024w, https:\/\/www.radiointeractivo.com.mx\/wp-content\/uploads\/2024\/07\/WhatsApp-Image-2024-07-19-at-12.05.16-PM-1-300x200.jpeg 300w, https:\/\/www.radiointeractivo.com.mx\/wp-content\/uploads\/2024\/07\/WhatsApp-Image-2024-07-19-at-12.05.16-PM-1-768x512.jpeg 768w, https:\/\/www.radiointeractivo.com.mx\/wp-content\/uploads\/2024\/07\/WhatsApp-Image-2024-07-19-at-12.05.16-PM-1-1536x1023.jpeg 1536w, https:\/\/www.radiointeractivo.com.mx\/wp-content\/uploads\/2024\/07\/WhatsApp-Image-2024-07-19-at-12.05.16-PM-1-310x205.jpeg 310w, https:\/\/www.radiointeractivo.com.mx\/wp-content\/uploads\/2024\/07\/WhatsApp-Image-2024-07-19-at-12.05.16-PM-1.jpeg 1600w\" sizes=\"auto, (max-width: 1024px) 100vw, 1024px\" \/><\/figure>\n\n\n\n<p>Por: Staff | #NuevoLaredo #Laredo #NLD #Tamaulipas<\/p>\n\n\n\n<p>El Gobierno Municipal a trav\u00e9s de la Direcci\u00f3n de Turismo particip\u00f3 en el arranque de la edici\u00f3n de verano del programa &#8220;H\u00e9roes Paisanos&#8221;, celebrado en el Centro de Internaci\u00f3n Temporal de Veh\u00edculos (CITEV) por el Instituto Nacional de Migraci\u00f3n (INM) y en el que participan los tres \u00f3rdenes de gobierno.<\/p>\n\n\n\n<p>En el recinto federal mencionado la Direcci\u00f3n de Turismo instal\u00f3 un m\u00f3dulo de atenci\u00f3n y promoci\u00f3n en el que otorgar\u00e1 una amplia informaci\u00f3n a los connacionales que transitan cada a\u00f1o por este puerto fronterizo hacia el interior del pa\u00eds.<\/p>\n\n\n\n<p>\u201cColocamos un m\u00f3dulo al interior de las instalaciones de CITEV con informaci\u00f3n clave, que consiste en todo aquello que es necesario para nuestros paisanos que ingresan por esta ciudad hacia el interior de la Rep\u00fablica Mexicana\u201d, dijo Marcos Rodr\u00edguez Leija, Director de Turismo.<\/p>\n\n\n\n<p>Los viajeros tendr\u00e1n acceso a folletos con informaci\u00f3n sobre los servicios m\u00e9dicos con los que cuenta la ciudad, como hospitales y el tipo de especialidades que ofrecen, cl\u00ednicas dentales, farmacias y laboratorios cl\u00ednicos, entre otros.<\/p>\n\n\n\n<p>Tambi\u00e9n se les brindar\u00e1 orientaci\u00f3n sobre auxilio mec\u00e1nico, los n\u00fameros de emergencia de Protecci\u00f3n Civil, de Tr\u00e1nsito y Vialidad, de la Sedena, la Guardia Nacional, la Guardia Estatal y de toda aquella corporaci\u00f3n vinculada con la atenci\u00f3n que pudieran requerir durante el trayecto a sus destinos.<\/p>\n\n\n\n<p>En el m\u00f3dulo tambi\u00e9n se muestra a los paisanos lo que Nuevo Laredo tiene para ofrecer en materia recreativa y cultural a quienes visitan esta frontera.<\/p>\n\n\n\n<p>\u201cEstamos otorgando informaci\u00f3n de todo lo que tiene qu\u00e9 ofrecer la ciudad como potencial tur\u00edstico, como lo son restaurantes, hoteles, sistemas de transporte terrestre y a\u00e9reo, tambi\u00e9n lo relacionado con parques recreativos y espacios como el Zool\u00f3gico, el Acuario, el museo &#8216;Reyes Meza&#8217; y el Museo de Historia Natural, entre otros\u201d, dijo Rodr\u00edguez Leija.<\/p>\n\n\n\n<p>Cabe hacer menci\u00f3n que en el verano de 2023, de acuerdo a la estad\u00edstica, fueron m\u00e1s de 22 mil paisanos los que transitaron por Nuevo Laredo hacia diversos estados de la Rep\u00fablica Mexicana y este a\u00f1o se espera que incremente esa cifra un cinco por ciento.<\/p>\n","protected":false},"excerpt":{"rendered":"<p>Por: Staff | #NuevoLaredo #Laredo #NLD #Tamaulipas El Gobierno Municipal a trav\u00e9s de la Direcci\u00f3n de Turismo particip\u00f3 en el arranque de la edici\u00f3n de verano del programa &#8220;H\u00e9roes Paisanos&#8221;, celebrado en el Centro de Internaci\u00f3n Temporal de Veh\u00edculos (CITEV) por el Instituto Nacional de Migraci\u00f3n (INM) y en el que participan los tres \u00f3rdenes &hellip;<\/p>\n","protected":false},"author":1,"featured_media":9143,"comment_status":"open","ping_status":"open","sticky":false,"template":"","format":"standard","meta":{"footnotes":""},"categories":[38],"tags":[],"class_list":["post-9142","post","type-post","status-publish","format-standard","has-post-thumbnail","","category-nuevo-laredo"],"_links":{"self":[{"href":"https:\/\/www.radiointeractivo.com.mx\/index.php?rest_route=\/wp\/v2\/posts\/9142","targetHints":{"allow":["GET"]}}],"collection":[{"href":"https:\/\/www.radiointeractivo.com.mx\/index.php?rest_route=\/wp\/v2\/posts"}],"about":[{"href":"https:\/\/www.radiointeractivo.com.mx\/index.php?rest_route=\/wp\/v2\/types\/post"}],"author":[{"embeddable":true,"href":"https:\/\/www.radiointeractivo.com.mx\/index.php?rest_route=\/wp\/v2\/users\/1"}],"replies":[{"embeddable":true,"href":"https:\/\/www.radiointeractivo.com.mx\/index.php?rest_route=%2Fwp%2Fv2%2Fcomments&post=9142"}],"version-history":[{"count":1,"href":"https:\/\/www.radiointeractivo.com.mx\/index.php?rest_route=\/wp\/v2\/posts\/9142\/revisions"}],"predecessor-version":[{"id":9144,"href":"https:\/\/www.radiointeractivo.com.mx\/index.php?rest_route=\/wp\/v2\/posts\/9142\/revisions\/9144"}],"wp:featuredmedia":[{"embeddable":true,"href":"https:\/\/www.radiointeractivo.com.mx\/index.php?rest_route=\/wp\/v2\/media\/9143"}],"wp:attachment":[{"href":"https:\/\/www.radiointeractivo.com.mx\/index.php?rest_route=%2Fwp%2Fv2%2Fmedia&parent=9142"}],"wp:term":[{"taxonomy":"category","embeddable":true,"href":"https:\/\/www.radiointeractivo.com.mx\/index.php?rest_route=%2Fwp%2Fv2%2Fcategories&post=9142"},{"taxonomy":"post_tag","embeddable":true,"href":"https:\/\/www.radiointeractivo.com.mx\/index.php?rest_route=%2Fwp%2Fv2%2Ftags&post=9142"}],"curies":[{"name":"wp","href":"https:\/\/api.w.org\/{rel}","templated":true}]}}