{"id":912,"date":"2023-09-01T19:46:45","date_gmt":"2023-09-01T19:46:45","guid":{"rendered":"https:\/\/www.radiointeractivo.com.mx\/?p=912"},"modified":"2023-09-01T19:46:46","modified_gmt":"2023-09-01T19:46:46","slug":"tpi-composites-matamoros-fuerza-laboral-de-calidad-secretaria-del-trabajo","status":"publish","type":"post","link":"https:\/\/www.radiointeractivo.com.mx\/?p=912","title":{"rendered":"TPI Composites, Matamoros fuerza laboral de calidad: Secretar\u00eda del Trabajo"},"content":{"rendered":"\n<p>-La planta TPI Composites, se suma al D\u00eda Naranja en pro de la igualdad laboral: Olga Sosa<\/p>\n\n\n\n<p>Por: Agencias<\/p>\n\n\n\n<p>Matamoros, Tamaulipas.- La secretaria del Trabajo del gobierno de Am\u00e9rico Villarreal Anaya, realiz\u00f3 un recorrido por la empresa TPI Composites, dedicada a la fabricaci\u00f3n de aspas e\u00f3licas y que respeta los derechos laborales de todo su personal, como lo testimoni\u00f3 el l\u00edder sindical Rub\u00e9n Longoria.<\/p>\n\n\n\n<p>Olga Sosa Ru\u00edz incentiv\u00f3 la conmemoraci\u00f3n del D\u00eda Naranja en la planta al personal directivo, trabajadoras y trabajadores. En compa\u00f1\u00eda de Lorena Enr\u00edquez Huerta, directora de G\u00e9nero e Inclusi\u00f3n Laboral, hicieron entrega de listones naranja y violent\u00f3metros al personal, fortaleciendo el compromiso social de esta empresa que trabaja en armon\u00eda y paz laboral.<\/p>\n\n\n\n<p>&#8220;Nos da mucho gusto estar en esta empresa, y traerles el mensaje del gobernador Am\u00e9rico Villarreal Anaya, para que sepan que cuentan con el respaldo del Gobierno del Estado para trabajar de la mano con ustedes, las trabajadoras y los trabajadores, que tienen esta gran responsabilidad de fabricar aspas de viento&#8221;, se\u00f1al\u00f3 la secretaria del Trabajo Olga Sosa Ru\u00edz.<\/p>\n\n\n\n<p>Por parte de TPI Composites, correspondi\u00f3 a Alberto Rivilla Garc\u00eda, vicepresidente de Operaciones en M\u00e9xico, brindar una presentaci\u00f3n sobre la empresa fundada en 1950 y que actualmente trabaja con mil 485 empleados, en la elaboraci\u00f3n de aspas de viento para la generaci\u00f3n e\u00f3lica en Norteam\u00e9rica, Europa y Asia, pero tambi\u00e9n elaboran materiales compuestos para otras \u00e1reas como la militar, yates, moldes y juegos mec\u00e1nicos.<\/p>\n\n\n\n<p>Durante esta visita de trabajo a la Planta 4, los directivos de la planta manifestaron su inter\u00e9s de trabajar de manera conjunta con la Secretar\u00eda del Trabajo para obtener la certificaci\u00f3n que los acredite en Igualdad Laboral y No Discriminaci\u00f3n, refrendando con esto el compromiso que tienen con su plantilla laboral, de realizar procesos en entornos que garanticen la armon\u00eda y respeto a los derechos de las y los trabajadores.<\/p>\n\n\n\n<p>La Planta 4 cuenta con seis l\u00edneas de producci\u00f3n y comenz\u00f3 operaciones en 2018 en Matamoros y fabrica aspas que van de 67 a 91 metros de longitud, para clientes focalizados que aprecian la calidad de la mano de obra tamaulipeca.<\/p>\n","protected":false},"excerpt":{"rendered":"<p>-La planta TPI Composites, se suma al D\u00eda Naranja en pro de la igualdad laboral: Olga Sosa Por: Agencias Matamoros, Tamaulipas.- La secretaria del Trabajo del gobierno de Am\u00e9rico Villarreal Anaya, realiz\u00f3 un recorrido por la empresa TPI Composites, dedicada a la fabricaci\u00f3n de aspas e\u00f3licas y que respeta los derechos laborales de todo su &hellip;<\/p>\n","protected":false},"author":1,"featured_media":913,"comment_status":"open","ping_status":"open","sticky":false,"template":"","format":"standard","meta":{"footnotes":""},"categories":[39],"tags":[],"class_list":["post-912","post","type-post","status-publish","format-standard","has-post-thumbnail","","category-tamaulipas"],"_links":{"self":[{"href":"https:\/\/www.radiointeractivo.com.mx\/index.php?rest_route=\/wp\/v2\/posts\/912","targetHints":{"allow":["GET"]}}],"collection":[{"href":"https:\/\/www.radiointeractivo.com.mx\/index.php?rest_route=\/wp\/v2\/posts"}],"about":[{"href":"https:\/\/www.radiointeractivo.com.mx\/index.php?rest_route=\/wp\/v2\/types\/post"}],"author":[{"embeddable":true,"href":"https:\/\/www.radiointeractivo.com.mx\/index.php?rest_route=\/wp\/v2\/users\/1"}],"replies":[{"embeddable":true,"href":"https:\/\/www.radiointeractivo.com.mx\/index.php?rest_route=%2Fwp%2Fv2%2Fcomments&post=912"}],"version-history":[{"count":1,"href":"https:\/\/www.radiointeractivo.com.mx\/index.php?rest_route=\/wp\/v2\/posts\/912\/revisions"}],"predecessor-version":[{"id":914,"href":"https:\/\/www.radiointeractivo.com.mx\/index.php?rest_route=\/wp\/v2\/posts\/912\/revisions\/914"}],"wp:featuredmedia":[{"embeddable":true,"href":"https:\/\/www.radiointeractivo.com.mx\/index.php?rest_route=\/wp\/v2\/media\/913"}],"wp:attachment":[{"href":"https:\/\/www.radiointeractivo.com.mx\/index.php?rest_route=%2Fwp%2Fv2%2Fmedia&parent=912"}],"wp:term":[{"taxonomy":"category","embeddable":true,"href":"https:\/\/www.radiointeractivo.com.mx\/index.php?rest_route=%2Fwp%2Fv2%2Fcategories&post=912"},{"taxonomy":"post_tag","embeddable":true,"href":"https:\/\/www.radiointeractivo.com.mx\/index.php?rest_route=%2Fwp%2Fv2%2Ftags&post=912"}],"curies":[{"name":"wp","href":"https:\/\/api.w.org\/{rel}","templated":true}]}}