{"id":9114,"date":"2024-07-18T13:37:24","date_gmt":"2024-07-18T18:37:24","guid":{"rendered":"https:\/\/www.radiointeractivo.com.mx\/?p=9114"},"modified":"2024-07-18T13:37:28","modified_gmt":"2024-07-18T18:37:28","slug":"invita-gobierno-municipal-a-disfrutar-del-bazar-une-edicion-summer","status":"publish","type":"post","link":"https:\/\/www.radiointeractivo.com.mx\/?p=9114","title":{"rendered":"INVITA GOBIERNO MUNICIPAL A DISFRUTAR DEL BAZAR UNE EDICI\u00d3N SUMMER"},"content":{"rendered":"\n<figure class=\"wp-block-image size-large\"><img loading=\"lazy\" decoding=\"async\" width=\"819\" height=\"1024\" src=\"https:\/\/www.radiointeractivo.com.mx\/wp-content\/uploads\/2024\/07\/WhatsApp-Image-2024-07-18-at-12.05.29-PM-819x1024.jpeg\" alt=\"\" class=\"wp-image-9115\" srcset=\"https:\/\/www.radiointeractivo.com.mx\/wp-content\/uploads\/2024\/07\/WhatsApp-Image-2024-07-18-at-12.05.29-PM-819x1024.jpeg 819w, https:\/\/www.radiointeractivo.com.mx\/wp-content\/uploads\/2024\/07\/WhatsApp-Image-2024-07-18-at-12.05.29-PM-240x300.jpeg 240w, https:\/\/www.radiointeractivo.com.mx\/wp-content\/uploads\/2024\/07\/WhatsApp-Image-2024-07-18-at-12.05.29-PM-768x960.jpeg 768w, https:\/\/www.radiointeractivo.com.mx\/wp-content\/uploads\/2024\/07\/WhatsApp-Image-2024-07-18-at-12.05.29-PM-1229x1536.jpeg 1229w, https:\/\/www.radiointeractivo.com.mx\/wp-content\/uploads\/2024\/07\/WhatsApp-Image-2024-07-18-at-12.05.29-PM.jpeg 1280w\" sizes=\"auto, (max-width: 819px) 100vw, 819px\" \/><\/figure>\n\n\n\n<p>Por: Staff | #NuevoLaredo #Laredo #NLD #Tamaulipas<\/p>\n\n\n\n<p>Este s\u00e1bado 20 de julio se llevar\u00e1 a cabo el Bazar UNE edici\u00f3n Summer en el que habr\u00e1 exhibici\u00f3n de negocios locales de comida, accesorios, art\u00edculos para el hogar, y m\u00fasica.<\/p>\n\n\n\n<p>Dar\u00e1 inicio a las 6:00 de la tarde en la Explanada Independencia ubicada en Guerrero y Mier, est\u00e1 dirigido para todas las familias de la ciudad en el que podr\u00e1n divertirse y disfrutar de las diferentes actividades que se brindar\u00e1n.<\/p>\n\n\n\n<p>El Bazar UNE tiene como prop\u00f3sito promover diversos negocios de la ciudad proporcionando al emprendedor oportunidades de desarrollo econ\u00f3mico, d\u00e1ndoles el espacio para exponer su producto de manera directa con la ciudadan\u00eda.<\/p>\n","protected":false},"excerpt":{"rendered":"<p>Por: Staff | #NuevoLaredo #Laredo #NLD #Tamaulipas Este s\u00e1bado 20 de julio se llevar\u00e1 a cabo el Bazar UNE edici\u00f3n Summer en el que habr\u00e1 exhibici\u00f3n de negocios locales de comida, accesorios, art\u00edculos para el hogar, y m\u00fasica. Dar\u00e1 inicio a las 6:00 de la tarde en la Explanada Independencia ubicada en Guerrero y Mier, &hellip;<\/p>\n","protected":false},"author":1,"featured_media":9115,"comment_status":"open","ping_status":"open","sticky":false,"template":"","format":"standard","meta":{"footnotes":""},"categories":[38],"tags":[],"class_list":["post-9114","post","type-post","status-publish","format-standard","has-post-thumbnail","","category-nuevo-laredo"],"_links":{"self":[{"href":"https:\/\/www.radiointeractivo.com.mx\/index.php?rest_route=\/wp\/v2\/posts\/9114","targetHints":{"allow":["GET"]}}],"collection":[{"href":"https:\/\/www.radiointeractivo.com.mx\/index.php?rest_route=\/wp\/v2\/posts"}],"about":[{"href":"https:\/\/www.radiointeractivo.com.mx\/index.php?rest_route=\/wp\/v2\/types\/post"}],"author":[{"embeddable":true,"href":"https:\/\/www.radiointeractivo.com.mx\/index.php?rest_route=\/wp\/v2\/users\/1"}],"replies":[{"embeddable":true,"href":"https:\/\/www.radiointeractivo.com.mx\/index.php?rest_route=%2Fwp%2Fv2%2Fcomments&post=9114"}],"version-history":[{"count":1,"href":"https:\/\/www.radiointeractivo.com.mx\/index.php?rest_route=\/wp\/v2\/posts\/9114\/revisions"}],"predecessor-version":[{"id":9116,"href":"https:\/\/www.radiointeractivo.com.mx\/index.php?rest_route=\/wp\/v2\/posts\/9114\/revisions\/9116"}],"wp:featuredmedia":[{"embeddable":true,"href":"https:\/\/www.radiointeractivo.com.mx\/index.php?rest_route=\/wp\/v2\/media\/9115"}],"wp:attachment":[{"href":"https:\/\/www.radiointeractivo.com.mx\/index.php?rest_route=%2Fwp%2Fv2%2Fmedia&parent=9114"}],"wp:term":[{"taxonomy":"category","embeddable":true,"href":"https:\/\/www.radiointeractivo.com.mx\/index.php?rest_route=%2Fwp%2Fv2%2Fcategories&post=9114"},{"taxonomy":"post_tag","embeddable":true,"href":"https:\/\/www.radiointeractivo.com.mx\/index.php?rest_route=%2Fwp%2Fv2%2Ftags&post=9114"}],"curies":[{"name":"wp","href":"https:\/\/api.w.org\/{rel}","templated":true}]}}