{"id":9102,"date":"2024-07-17T21:36:16","date_gmt":"2024-07-18T02:36:16","guid":{"rendered":"https:\/\/www.radiointeractivo.com.mx\/?p=9102"},"modified":"2024-07-17T21:36:17","modified_gmt":"2024-07-18T02:36:17","slug":"disfrutan-adultos-mayores-del-turismo-social-en-tamaulipas","status":"publish","type":"post","link":"https:\/\/www.radiointeractivo.com.mx\/?p=9102","title":{"rendered":"Disfrutan adultos mayores del turismo social en Tamaulipas"},"content":{"rendered":"\n<figure class=\"wp-block-image size-large\"><img loading=\"lazy\" decoding=\"async\" width=\"1024\" height=\"768\" src=\"https:\/\/www.radiointeractivo.com.mx\/wp-content\/uploads\/2024\/07\/WhatsApp-Image-2024-07-17-at-6.26.49-PM-1-1024x768.jpeg\" alt=\"\" class=\"wp-image-9103\" srcset=\"https:\/\/www.radiointeractivo.com.mx\/wp-content\/uploads\/2024\/07\/WhatsApp-Image-2024-07-17-at-6.26.49-PM-1-1024x768.jpeg 1024w, https:\/\/www.radiointeractivo.com.mx\/wp-content\/uploads\/2024\/07\/WhatsApp-Image-2024-07-17-at-6.26.49-PM-1-300x225.jpeg 300w, https:\/\/www.radiointeractivo.com.mx\/wp-content\/uploads\/2024\/07\/WhatsApp-Image-2024-07-17-at-6.26.49-PM-1-768x576.jpeg 768w, https:\/\/www.radiointeractivo.com.mx\/wp-content\/uploads\/2024\/07\/WhatsApp-Image-2024-07-17-at-6.26.49-PM-1-1536x1152.jpeg 1536w, https:\/\/www.radiointeractivo.com.mx\/wp-content\/uploads\/2024\/07\/WhatsApp-Image-2024-07-17-at-6.26.49-PM-1.jpeg 1600w\" sizes=\"auto, (max-width: 1024px) 100vw, 1024px\" \/><\/figure>\n\n\n\n<p>-Desde j\u00f3venes hasta abuelitos, entre otros grupos vulnerables, conocen las maravillas de la entidad<\/p>\n\n\n\n<p>Por: Agencias<\/p>\n\n\n\n<p>Tampico, Tamaulipas.- Por medio de viajes, actividades recreativas, l\u00fadicas y deportivas, la Secretar\u00eda de Turismo en la entidad promueve el turismo social.<\/p>\n\n\n\n<p>Hace meses, el DIF Tamaulipas y la Secretar\u00eda de Turismo del estado firmaron un convenio que abri\u00f3 las oportunidades para que las familias de escasos recursos puedan conocer y disfrutar de las bellezas naturales que ofrece la entidad.<\/p>\n\n\n\n<p>El secretario de Turismo, Benjam\u00edn Hern\u00e1ndez Rodr\u00edguez, asegur\u00f3 que estas acciones son parte del trabajo del gobierno humanista e incluyente del gobernador Am\u00e9rico Villarreal Anaya, as\u00ed como de la presidenta del DIF estatal, Mar\u00eda Santiago de Villarreal.<\/p>\n\n\n\n<p>\u201cEn esta ocasi\u00f3n los paseantes son de Palmillas y Jaumave, algunos de ellos no hab\u00edan salido de su ciudad y hoy tuvieron la oportunidad de conocer la belleza de la playa Miramar, y a\u00fan faltan 10 excursiones m\u00e1s antes de que concluya el a\u00f1o\u201d, se\u00f1al\u00f3.<\/p>\n\n\n\n<p>Destac\u00f3 que se les ha llevado a conocer desde los Pueblos M\u00e1gicos de Tula y Mier, hasta los museos de Ciudad Victoria, Tampico y Madero, entre otros municipios m\u00e1s, donde adem\u00e1s de disfrutar de la gastronom\u00eda, conocen arte, cultura y naturaleza.<\/p>\n\n\n\n<p>Incluso j\u00f3venes del programa Lazos del Bienestar visitar\u00e1n por primera vez la Reserva de la Bi\u00f3sfera \u201cEl Cielo\u201d y el Parque Ecol\u00f3gico Bi\u00f3sfera El Cielo, en el municipio de G\u00f3mez Far\u00edas.<\/p>\n\n\n\n<p>La intenci\u00f3n es beneficiar a las familias que enfrentan vulnerabilidad econ\u00f3mica, para que puedan tener acceso a unas vacaciones y momentos de sana convivencia familiar. Adem\u00e1s, el turismo social tambi\u00e9n genera derrama econ\u00f3mica, ya que se pagan hoteles, comidas y dem\u00e1s, concluy\u00f3.<\/p>\n","protected":false},"excerpt":{"rendered":"<p>-Desde j\u00f3venes hasta abuelitos, entre otros grupos vulnerables, conocen las maravillas de la entidad Por: Agencias Tampico, Tamaulipas.- Por medio de viajes, actividades recreativas, l\u00fadicas y deportivas, la Secretar\u00eda de Turismo en la entidad promueve el turismo social. Hace meses, el DIF Tamaulipas y la Secretar\u00eda de Turismo del estado firmaron un convenio que abri\u00f3 &hellip;<\/p>\n","protected":false},"author":1,"featured_media":9103,"comment_status":"open","ping_status":"open","sticky":false,"template":"","format":"standard","meta":{"footnotes":""},"categories":[39],"tags":[],"class_list":["post-9102","post","type-post","status-publish","format-standard","has-post-thumbnail","","category-tamaulipas"],"_links":{"self":[{"href":"https:\/\/www.radiointeractivo.com.mx\/index.php?rest_route=\/wp\/v2\/posts\/9102","targetHints":{"allow":["GET"]}}],"collection":[{"href":"https:\/\/www.radiointeractivo.com.mx\/index.php?rest_route=\/wp\/v2\/posts"}],"about":[{"href":"https:\/\/www.radiointeractivo.com.mx\/index.php?rest_route=\/wp\/v2\/types\/post"}],"author":[{"embeddable":true,"href":"https:\/\/www.radiointeractivo.com.mx\/index.php?rest_route=\/wp\/v2\/users\/1"}],"replies":[{"embeddable":true,"href":"https:\/\/www.radiointeractivo.com.mx\/index.php?rest_route=%2Fwp%2Fv2%2Fcomments&post=9102"}],"version-history":[{"count":1,"href":"https:\/\/www.radiointeractivo.com.mx\/index.php?rest_route=\/wp\/v2\/posts\/9102\/revisions"}],"predecessor-version":[{"id":9104,"href":"https:\/\/www.radiointeractivo.com.mx\/index.php?rest_route=\/wp\/v2\/posts\/9102\/revisions\/9104"}],"wp:featuredmedia":[{"embeddable":true,"href":"https:\/\/www.radiointeractivo.com.mx\/index.php?rest_route=\/wp\/v2\/media\/9103"}],"wp:attachment":[{"href":"https:\/\/www.radiointeractivo.com.mx\/index.php?rest_route=%2Fwp%2Fv2%2Fmedia&parent=9102"}],"wp:term":[{"taxonomy":"category","embeddable":true,"href":"https:\/\/www.radiointeractivo.com.mx\/index.php?rest_route=%2Fwp%2Fv2%2Fcategories&post=9102"},{"taxonomy":"post_tag","embeddable":true,"href":"https:\/\/www.radiointeractivo.com.mx\/index.php?rest_route=%2Fwp%2Fv2%2Ftags&post=9102"}],"curies":[{"name":"wp","href":"https:\/\/api.w.org\/{rel}","templated":true}]}}