{"id":9070,"date":"2024-07-17T12:40:25","date_gmt":"2024-07-17T17:40:25","guid":{"rendered":"https:\/\/www.radiointeractivo.com.mx\/?p=9070"},"modified":"2024-07-17T12:41:49","modified_gmt":"2024-07-17T17:41:49","slug":"crece-familia-del-zoologico-nacen-dos-monos-titis","status":"publish","type":"post","link":"https:\/\/www.radiointeractivo.com.mx\/?p=9070","title":{"rendered":"CRECE FAMILIA DEL ZOOL\u00d3GICO; NACEN DOS MONOS TIT\u00cdS"},"content":{"rendered":"\n<figure class=\"wp-block-image size-large\"><img loading=\"lazy\" decoding=\"async\" width=\"1024\" height=\"683\" src=\"https:\/\/www.radiointeractivo.com.mx\/wp-content\/uploads\/2024\/07\/WhatsApp-Image-2024-07-17-at-12.03.25-PM-1-1024x683.jpeg\" alt=\"\" class=\"wp-image-9071\" srcset=\"https:\/\/www.radiointeractivo.com.mx\/wp-content\/uploads\/2024\/07\/WhatsApp-Image-2024-07-17-at-12.03.25-PM-1-1024x683.jpeg 1024w, https:\/\/www.radiointeractivo.com.mx\/wp-content\/uploads\/2024\/07\/WhatsApp-Image-2024-07-17-at-12.03.25-PM-1-300x200.jpeg 300w, https:\/\/www.radiointeractivo.com.mx\/wp-content\/uploads\/2024\/07\/WhatsApp-Image-2024-07-17-at-12.03.25-PM-1-768x512.jpeg 768w, https:\/\/www.radiointeractivo.com.mx\/wp-content\/uploads\/2024\/07\/WhatsApp-Image-2024-07-17-at-12.03.25-PM-1-1536x1024.jpeg 1536w, https:\/\/www.radiointeractivo.com.mx\/wp-content\/uploads\/2024\/07\/WhatsApp-Image-2024-07-17-at-12.03.25-PM-1.jpeg 1600w\" sizes=\"auto, (max-width: 1024px) 100vw, 1024px\" \/><\/figure>\n\n\n\n<p>Por: Staff | #NuevoLaredo #Laredo #NLD #Tamaulipas<\/p>\n\n\n\n<p>El Zool\u00f3gico de Nuevo Laredo tiene nuevos ejemplares con el nacimiento de dos monos tit\u00ed orejas de algod\u00f3n los cuales se encuentran en excelente estado de salud y la ciudadan\u00eda puede apreciarlos.<\/p>\n\n\n\n<p>Daniel del Fierro C\u00e1rdenas, director del Zool\u00f3gico inform\u00f3 que a\u00fan no se han podido sexar y pesar debido a que la madre no ha dejado que el personal se acerque sin embargo se puede observar que est\u00e1n saludables.<\/p>\n\n\n\n<p>Los monos tit\u00ed orejas de algod\u00f3n son originarios de Venezuela y Colombia y son unos de los m\u00e1s peque\u00f1os en el grupo de monos del nuevo mundo.<\/p>\n","protected":false},"excerpt":{"rendered":"<p>Por: Staff | #NuevoLaredo #Laredo #NLD #Tamaulipas El Zool\u00f3gico de Nuevo Laredo tiene nuevos ejemplares con el nacimiento de dos monos tit\u00ed orejas de algod\u00f3n los cuales se encuentran en excelente estado de salud y la ciudadan\u00eda puede apreciarlos. Daniel del Fierro C\u00e1rdenas, director del Zool\u00f3gico inform\u00f3 que a\u00fan no se han podido sexar y &hellip;<\/p>\n","protected":false},"author":1,"featured_media":9072,"comment_status":"open","ping_status":"open","sticky":false,"template":"","format":"standard","meta":{"footnotes":""},"categories":[38],"tags":[],"class_list":["post-9070","post","type-post","status-publish","format-standard","has-post-thumbnail","","category-nuevo-laredo"],"_links":{"self":[{"href":"https:\/\/www.radiointeractivo.com.mx\/index.php?rest_route=\/wp\/v2\/posts\/9070","targetHints":{"allow":["GET"]}}],"collection":[{"href":"https:\/\/www.radiointeractivo.com.mx\/index.php?rest_route=\/wp\/v2\/posts"}],"about":[{"href":"https:\/\/www.radiointeractivo.com.mx\/index.php?rest_route=\/wp\/v2\/types\/post"}],"author":[{"embeddable":true,"href":"https:\/\/www.radiointeractivo.com.mx\/index.php?rest_route=\/wp\/v2\/users\/1"}],"replies":[{"embeddable":true,"href":"https:\/\/www.radiointeractivo.com.mx\/index.php?rest_route=%2Fwp%2Fv2%2Fcomments&post=9070"}],"version-history":[{"count":1,"href":"https:\/\/www.radiointeractivo.com.mx\/index.php?rest_route=\/wp\/v2\/posts\/9070\/revisions"}],"predecessor-version":[{"id":9073,"href":"https:\/\/www.radiointeractivo.com.mx\/index.php?rest_route=\/wp\/v2\/posts\/9070\/revisions\/9073"}],"wp:featuredmedia":[{"embeddable":true,"href":"https:\/\/www.radiointeractivo.com.mx\/index.php?rest_route=\/wp\/v2\/media\/9072"}],"wp:attachment":[{"href":"https:\/\/www.radiointeractivo.com.mx\/index.php?rest_route=%2Fwp%2Fv2%2Fmedia&parent=9070"}],"wp:term":[{"taxonomy":"category","embeddable":true,"href":"https:\/\/www.radiointeractivo.com.mx\/index.php?rest_route=%2Fwp%2Fv2%2Fcategories&post=9070"},{"taxonomy":"post_tag","embeddable":true,"href":"https:\/\/www.radiointeractivo.com.mx\/index.php?rest_route=%2Fwp%2Fv2%2Ftags&post=9070"}],"curies":[{"name":"wp","href":"https:\/\/api.w.org\/{rel}","templated":true}]}}