{"id":9066,"date":"2024-07-17T10:33:56","date_gmt":"2024-07-17T15:33:56","guid":{"rendered":"https:\/\/www.radiointeractivo.com.mx\/?p=9066"},"modified":"2024-07-17T10:33:57","modified_gmt":"2024-07-17T15:33:57","slug":"pone-en-marcha-nataly-garcia-diaz-curso-de-verano-2024-en-diaz-ordaz","status":"publish","type":"post","link":"https:\/\/www.radiointeractivo.com.mx\/?p=9066","title":{"rendered":"PONE EN MARCHA NATALY GARCIA DIAZ CURSO DE VERANO 2024 EN D\u00cdAZ ORDAZ"},"content":{"rendered":"\n<figure class=\"wp-block-image size-large\"><img loading=\"lazy\" decoding=\"async\" width=\"1024\" height=\"682\" src=\"https:\/\/www.radiointeractivo.com.mx\/wp-content\/uploads\/2024\/07\/WhatsApp-Image-2024-07-17-at-10.22.26-AM-1024x682.jpeg\" alt=\"\" class=\"wp-image-9067\" srcset=\"https:\/\/www.radiointeractivo.com.mx\/wp-content\/uploads\/2024\/07\/WhatsApp-Image-2024-07-17-at-10.22.26-AM-1024x682.jpeg 1024w, https:\/\/www.radiointeractivo.com.mx\/wp-content\/uploads\/2024\/07\/WhatsApp-Image-2024-07-17-at-10.22.26-AM-300x200.jpeg 300w, https:\/\/www.radiointeractivo.com.mx\/wp-content\/uploads\/2024\/07\/WhatsApp-Image-2024-07-17-at-10.22.26-AM-768x512.jpeg 768w, https:\/\/www.radiointeractivo.com.mx\/wp-content\/uploads\/2024\/07\/WhatsApp-Image-2024-07-17-at-10.22.26-AM-1536x1023.jpeg 1536w, https:\/\/www.radiointeractivo.com.mx\/wp-content\/uploads\/2024\/07\/WhatsApp-Image-2024-07-17-at-10.22.26-AM-310x205.jpeg 310w, https:\/\/www.radiointeractivo.com.mx\/wp-content\/uploads\/2024\/07\/WhatsApp-Image-2024-07-17-at-10.22.26-AM.jpeg 1600w\" sizes=\"auto, (max-width: 1024px) 100vw, 1024px\" \/><\/figure>\n\n\n\n<p>Por: Staff | #DiazOrdaz #Valadeces #Tamaulipas<\/p>\n\n\n\n<p>La Alcaldesa Nataly Garc\u00eda D\u00edaz puso en marcha el Curso de Verano 2024 que se lleva a cabo en coordinaci\u00f3n con la Direcci\u00f3n de Educaci\u00f3n Municipal, donde ni\u00f1as y ni\u00f1os de primaria y secundaria tendr\u00e1n la oportunidad de participar en actividades acad\u00e9micas para reforzar su aprendizaje.<\/p>\n\n\n\n<p>El curso inicio el 15 de julio y finalizar\u00e1 el 16 de agosto en un horario de lunes a viernes de 4 a 6 de la tarde en las instalaciones de la Secundaria Club de Leones, donde participan ni\u00f1as y ni\u00f1os de 9 a 12 a\u00f1os en el nivel primaria y de 12 a 15 en secundaria.<\/p>\n\n\n\n<p>En este curso los alumnos (30) tendr\u00e1n oportunidad de participar en regularizaci\u00f3n acad\u00e9mica, espa\u00f1ol (redacci\u00f3n, escritura, ortograf\u00eda y comprensi\u00f3n lectora), matem\u00e1ticas (sumas, restas, multiplicaci\u00f3n y divisi\u00f3n), destacando que el curso es completamente gratuito recibiendo todos material de apoyo y premios para los alumnos m\u00e1s destacados.<\/p>\n\n\n\n<p>La Alcaldesa agradeci\u00f3 el apoyo de las maestras Jennyfer Maga\u00f1a V\u00e1zquez, encargada de los alumnos de primaria, y Rub\u00ed Sanjuanita Silva Betancourt, responsable de los estudiantes de secundaria, por su dedicaci\u00f3n y compromiso con la educaci\u00f3n de nuestros j\u00f3venes \u00a1Estamos seguros de que ser\u00e1 una experiencia enriquecedora para todos!<\/p>\n","protected":false},"excerpt":{"rendered":"<p>Por: Staff | #DiazOrdaz #Valadeces #Tamaulipas La Alcaldesa Nataly Garc\u00eda D\u00edaz puso en marcha el Curso de Verano 2024 que se lleva a cabo en coordinaci\u00f3n con la Direcci\u00f3n de Educaci\u00f3n Municipal, donde ni\u00f1as y ni\u00f1os de primaria y secundaria tendr\u00e1n la oportunidad de participar en actividades acad\u00e9micas para reforzar su aprendizaje. El curso inicio &hellip;<\/p>\n","protected":false},"author":1,"featured_media":9068,"comment_status":"open","ping_status":"open","sticky":false,"template":"","format":"standard","meta":{"footnotes":""},"categories":[39],"tags":[],"class_list":["post-9066","post","type-post","status-publish","format-standard","has-post-thumbnail","","category-tamaulipas"],"_links":{"self":[{"href":"https:\/\/www.radiointeractivo.com.mx\/index.php?rest_route=\/wp\/v2\/posts\/9066","targetHints":{"allow":["GET"]}}],"collection":[{"href":"https:\/\/www.radiointeractivo.com.mx\/index.php?rest_route=\/wp\/v2\/posts"}],"about":[{"href":"https:\/\/www.radiointeractivo.com.mx\/index.php?rest_route=\/wp\/v2\/types\/post"}],"author":[{"embeddable":true,"href":"https:\/\/www.radiointeractivo.com.mx\/index.php?rest_route=\/wp\/v2\/users\/1"}],"replies":[{"embeddable":true,"href":"https:\/\/www.radiointeractivo.com.mx\/index.php?rest_route=%2Fwp%2Fv2%2Fcomments&post=9066"}],"version-history":[{"count":1,"href":"https:\/\/www.radiointeractivo.com.mx\/index.php?rest_route=\/wp\/v2\/posts\/9066\/revisions"}],"predecessor-version":[{"id":9069,"href":"https:\/\/www.radiointeractivo.com.mx\/index.php?rest_route=\/wp\/v2\/posts\/9066\/revisions\/9069"}],"wp:featuredmedia":[{"embeddable":true,"href":"https:\/\/www.radiointeractivo.com.mx\/index.php?rest_route=\/wp\/v2\/media\/9068"}],"wp:attachment":[{"href":"https:\/\/www.radiointeractivo.com.mx\/index.php?rest_route=%2Fwp%2Fv2%2Fmedia&parent=9066"}],"wp:term":[{"taxonomy":"category","embeddable":true,"href":"https:\/\/www.radiointeractivo.com.mx\/index.php?rest_route=%2Fwp%2Fv2%2Fcategories&post=9066"},{"taxonomy":"post_tag","embeddable":true,"href":"https:\/\/www.radiointeractivo.com.mx\/index.php?rest_route=%2Fwp%2Fv2%2Ftags&post=9066"}],"curies":[{"name":"wp","href":"https:\/\/api.w.org\/{rel}","templated":true}]}}