{"id":9063,"date":"2024-07-16T20:15:59","date_gmt":"2024-07-17T01:15:59","guid":{"rendered":"https:\/\/www.radiointeractivo.com.mx\/?p=9063"},"modified":"2024-07-16T20:16:00","modified_gmt":"2024-07-17T01:16:00","slug":"impulsa-gobierno-de-tamaulipas-turismo-religioso","status":"publish","type":"post","link":"https:\/\/www.radiointeractivo.com.mx\/?p=9063","title":{"rendered":"Impulsa Gobierno de Tamaulipas turismo religioso"},"content":{"rendered":"\n<figure class=\"wp-block-image size-large\"><img loading=\"lazy\" decoding=\"async\" width=\"1024\" height=\"768\" src=\"https:\/\/www.radiointeractivo.com.mx\/wp-content\/uploads\/2024\/07\/WhatsApp-Image-2024-07-16-at-4.53.25-PM-1024x768.jpeg\" alt=\"\" class=\"wp-image-9064\" srcset=\"https:\/\/www.radiointeractivo.com.mx\/wp-content\/uploads\/2024\/07\/WhatsApp-Image-2024-07-16-at-4.53.25-PM-1024x768.jpeg 1024w, https:\/\/www.radiointeractivo.com.mx\/wp-content\/uploads\/2024\/07\/WhatsApp-Image-2024-07-16-at-4.53.25-PM-300x225.jpeg 300w, https:\/\/www.radiointeractivo.com.mx\/wp-content\/uploads\/2024\/07\/WhatsApp-Image-2024-07-16-at-4.53.25-PM-768x576.jpeg 768w, https:\/\/www.radiointeractivo.com.mx\/wp-content\/uploads\/2024\/07\/WhatsApp-Image-2024-07-16-at-4.53.25-PM-1536x1152.jpeg 1536w, https:\/\/www.radiointeractivo.com.mx\/wp-content\/uploads\/2024\/07\/WhatsApp-Image-2024-07-16-at-4.53.25-PM.jpeg 1600w\" sizes=\"auto, (max-width: 1024px) 100vw, 1024px\" \/><\/figure>\n\n\n\n<p>-Vistosa procesi\u00f3n N\u00e1utica de la Virgen del Carmen en la zona sur, una celebraci\u00f3n que hermana pueblos<\/p>\n\n\n\n<p>Por: Agencias<\/p>\n\n\n\n<p>Ciudad Madero, Tamaulipas.- El Gobierno de Tamaulipas trabaja para impulsar y fortalecer el turismo religioso afirm\u00f3 el secretario de Turismo, Benjam\u00edn Hern\u00e1ndez Rodr\u00edguez al participar en la procesi\u00f3n n\u00e1utica de la Virgen del Carmen, que se realiza cada 16 de julio en el r\u00edo P\u00e1nuco en la zona sur de Tamaulipas.<\/p>\n\n\n\n<p>Fue pasadas las nueve de la ma\u00f1ana, cuando zarp\u00f3 \u201cEl C\u00f3ndor\u201d, la embarcaci\u00f3n que traslad\u00f3 a la Virgen del Carmen en esta peregrinaci\u00f3n n\u00e1utica anual, la cual es un tesoro religioso y cultural, s\u00edmbolo de identidad de la zona sur de Tamaulipas<\/p>\n\n\n\n<p>A su paso se fueron sumando lanchas y botes, mientras que en los costados de la traves\u00eda, danzantes con sus coloridos vestuarios, cantaban y bailaban a la Patrona de Los Pescadores.<\/p>\n\n\n\n<p>Con una gran participaci\u00f3n desde familiares de pescadores, visitantes, autoridades de los tres niveles de gobierno, como el presidente municipal de Altamira, Armando Martinez; Marysol Esparza, capitana del Puerto de Tampico, el p\u00e1rroco, Juan Jos\u00e9 Aguilar y empresarios hoteleros de la zona sur se realiz\u00f3 la peregrinaci\u00f3n anual de la Estrella del Mar.<\/p>\n\n\n\n<p>La embarcaci\u00f3n de la Reina de los Mares sali\u00f3 del Club de Yates de Tampico, en un recorrido por el r\u00edo P\u00e1nuco, pasando por lugares emblem\u00e1ticos como la exaduana de Tampico, para concluir como cada a\u00f1o, en el monumento a la Virgen del Carmen, construido en 1967, en la colonia La Barra en Ciudad Madero.<\/p>\n\n\n\n<p>Hern\u00e1ndez Rodr\u00edguez destac\u00f3 la importancia de trabajar en este rubro tur\u00edstico, no solo en la zona sur, sino en los diferentes municipios de Tamaulipas.<\/p>\n\n\n\n<p>\u201cEst\u00e1 tradici\u00f3n de la Virgen del Carmen, atrae a cientos de visitantes a la zona sur del estado, tenemos adem\u00e1s, el santuario de la Virgen de El Chorrito, en el municipio de Hidalgo y en el Pueblo M\u00e1gico de Tula a San Antonio de Padua, entre otras festividades religiosas m\u00e1s\u201d, indic\u00f3.<\/p>\n\n\n\n<p>Refiri\u00f3 que fortalecer\u00e1n este rubro, adem\u00e1s de otros sectores, para que estas conmemoraciones atraigan m\u00e1s turistas locales, nacionales e internacionales y que se traduzcan en una gran derrama econ\u00f3mica.<\/p>\n","protected":false},"excerpt":{"rendered":"<p>-Vistosa procesi\u00f3n N\u00e1utica de la Virgen del Carmen en la zona sur, una celebraci\u00f3n que hermana pueblos Por: Agencias Ciudad Madero, Tamaulipas.- El Gobierno de Tamaulipas trabaja para impulsar y fortalecer el turismo religioso afirm\u00f3 el secretario de Turismo, Benjam\u00edn Hern\u00e1ndez Rodr\u00edguez al participar en la procesi\u00f3n n\u00e1utica de la Virgen del Carmen, que se &hellip;<\/p>\n","protected":false},"author":1,"featured_media":9064,"comment_status":"open","ping_status":"open","sticky":false,"template":"","format":"standard","meta":{"footnotes":""},"categories":[39],"tags":[],"class_list":["post-9063","post","type-post","status-publish","format-standard","has-post-thumbnail","","category-tamaulipas"],"_links":{"self":[{"href":"https:\/\/www.radiointeractivo.com.mx\/index.php?rest_route=\/wp\/v2\/posts\/9063","targetHints":{"allow":["GET"]}}],"collection":[{"href":"https:\/\/www.radiointeractivo.com.mx\/index.php?rest_route=\/wp\/v2\/posts"}],"about":[{"href":"https:\/\/www.radiointeractivo.com.mx\/index.php?rest_route=\/wp\/v2\/types\/post"}],"author":[{"embeddable":true,"href":"https:\/\/www.radiointeractivo.com.mx\/index.php?rest_route=\/wp\/v2\/users\/1"}],"replies":[{"embeddable":true,"href":"https:\/\/www.radiointeractivo.com.mx\/index.php?rest_route=%2Fwp%2Fv2%2Fcomments&post=9063"}],"version-history":[{"count":1,"href":"https:\/\/www.radiointeractivo.com.mx\/index.php?rest_route=\/wp\/v2\/posts\/9063\/revisions"}],"predecessor-version":[{"id":9065,"href":"https:\/\/www.radiointeractivo.com.mx\/index.php?rest_route=\/wp\/v2\/posts\/9063\/revisions\/9065"}],"wp:featuredmedia":[{"embeddable":true,"href":"https:\/\/www.radiointeractivo.com.mx\/index.php?rest_route=\/wp\/v2\/media\/9064"}],"wp:attachment":[{"href":"https:\/\/www.radiointeractivo.com.mx\/index.php?rest_route=%2Fwp%2Fv2%2Fmedia&parent=9063"}],"wp:term":[{"taxonomy":"category","embeddable":true,"href":"https:\/\/www.radiointeractivo.com.mx\/index.php?rest_route=%2Fwp%2Fv2%2Fcategories&post=9063"},{"taxonomy":"post_tag","embeddable":true,"href":"https:\/\/www.radiointeractivo.com.mx\/index.php?rest_route=%2Fwp%2Fv2%2Ftags&post=9063"}],"curies":[{"name":"wp","href":"https:\/\/api.w.org\/{rel}","templated":true}]}}