{"id":906,"date":"2023-09-01T19:45:17","date_gmt":"2023-09-01T19:45:17","guid":{"rendered":"https:\/\/www.radiointeractivo.com.mx\/?p=906"},"modified":"2023-09-01T19:45:18","modified_gmt":"2023-09-01T19:45:18","slug":"mujeres-privadas-de-la-libertad-reciben-taller-de-crianza-respetuosa","status":"publish","type":"post","link":"https:\/\/www.radiointeractivo.com.mx\/?p=906","title":{"rendered":"Mujeres privadas de la libertad reciben taller de crianza respetuosa"},"content":{"rendered":"\n<p>Por: Agencias<\/p>\n\n\n\n<p>Ciudad Victoria, Tamaulipas. &#8211; Como parte de las actividades complementarias al curso de mediaci\u00f3n, mujeres privadas de la libertad del Centro de Ejecuci\u00f3n de Sanciones (CEDES) de Ciudad Victoria tomaron el curso-taller: \u2018\u2019El amor y crianza respetuosa en la primera infancia\u2019\u2019.<\/p>\n\n\n\n<p>Esta actividad realizada a trav\u00e9s de la Direcci\u00f3n de Investigaci\u00f3n, Diagn\u00f3stico y Mediaci\u00f3n Penitenciaria, perteneciente a la Subsecretar\u00eda de Ejecuci\u00f3n de Sanciones de la Secretar\u00eda de Seguridad P\u00fablica de Tamaulipas (SSPT), tiene el prop\u00f3sito de concientizar a las mujeres privadas de la libertad respecto a la importancia de la din\u00e1mica de pareja y la relaci\u00f3n en el proceso psicosocial de los hijos, en el contexto y prisi\u00f3n.<\/p>\n\n\n\n<p>La promotora cultural de Ciudad Victoria, Varinia Aznar Banda, fue la encargada de impartir esta capacitaci\u00f3n y entre los temas abordados destacan: estimulaci\u00f3n temprana; crianza respetuosa y desarrollo infantil de los cero a los tres a\u00f1os.<\/p>\n\n\n\n<p>As\u00ed como el lenguaje en la infancia, cuenta cuentos, fortalecimiento del v\u00ednculo afectivo, los derechos de los ni\u00f1os y la importancia de los padres de familia y los educadores.<\/p>\n\n\n\n<p>La informaci\u00f3n fue recibida por seis mujeres, de las cuales dos se encuentran en estado de gestaci\u00f3n y el resto estuvieron acompa\u00f1adas de menores entre los dos meses y los dos a\u00f1os de edad.<\/p>\n","protected":false},"excerpt":{"rendered":"<p>Por: Agencias Ciudad Victoria, Tamaulipas. &#8211; Como parte de las actividades complementarias al curso de mediaci\u00f3n, mujeres privadas de la libertad del Centro de Ejecuci\u00f3n de Sanciones (CEDES) de Ciudad Victoria tomaron el curso-taller: \u2018\u2019El amor y crianza respetuosa en la primera infancia\u2019\u2019. Esta actividad realizada a trav\u00e9s de la Direcci\u00f3n de Investigaci\u00f3n, Diagn\u00f3stico y &hellip;<\/p>\n","protected":false},"author":1,"featured_media":907,"comment_status":"open","ping_status":"open","sticky":false,"template":"","format":"standard","meta":{"footnotes":""},"categories":[39],"tags":[],"class_list":["post-906","post","type-post","status-publish","format-standard","has-post-thumbnail","","category-tamaulipas"],"_links":{"self":[{"href":"https:\/\/www.radiointeractivo.com.mx\/index.php?rest_route=\/wp\/v2\/posts\/906","targetHints":{"allow":["GET"]}}],"collection":[{"href":"https:\/\/www.radiointeractivo.com.mx\/index.php?rest_route=\/wp\/v2\/posts"}],"about":[{"href":"https:\/\/www.radiointeractivo.com.mx\/index.php?rest_route=\/wp\/v2\/types\/post"}],"author":[{"embeddable":true,"href":"https:\/\/www.radiointeractivo.com.mx\/index.php?rest_route=\/wp\/v2\/users\/1"}],"replies":[{"embeddable":true,"href":"https:\/\/www.radiointeractivo.com.mx\/index.php?rest_route=%2Fwp%2Fv2%2Fcomments&post=906"}],"version-history":[{"count":1,"href":"https:\/\/www.radiointeractivo.com.mx\/index.php?rest_route=\/wp\/v2\/posts\/906\/revisions"}],"predecessor-version":[{"id":908,"href":"https:\/\/www.radiointeractivo.com.mx\/index.php?rest_route=\/wp\/v2\/posts\/906\/revisions\/908"}],"wp:featuredmedia":[{"embeddable":true,"href":"https:\/\/www.radiointeractivo.com.mx\/index.php?rest_route=\/wp\/v2\/media\/907"}],"wp:attachment":[{"href":"https:\/\/www.radiointeractivo.com.mx\/index.php?rest_route=%2Fwp%2Fv2%2Fmedia&parent=906"}],"wp:term":[{"taxonomy":"category","embeddable":true,"href":"https:\/\/www.radiointeractivo.com.mx\/index.php?rest_route=%2Fwp%2Fv2%2Fcategories&post=906"},{"taxonomy":"post_tag","embeddable":true,"href":"https:\/\/www.radiointeractivo.com.mx\/index.php?rest_route=%2Fwp%2Fv2%2Ftags&post=906"}],"curies":[{"name":"wp","href":"https:\/\/api.w.org\/{rel}","templated":true}]}}