{"id":9039,"date":"2024-07-16T11:54:31","date_gmt":"2024-07-16T16:54:31","guid":{"rendered":"https:\/\/www.radiointeractivo.com.mx\/?p=9039"},"modified":"2024-07-16T11:54:32","modified_gmt":"2024-07-16T16:54:32","slug":"estudiantes-de-casa-club-del-adulto-activo-invitan-al-bazar-de-arte-para-compartir-sus-creaciones","status":"publish","type":"post","link":"https:\/\/www.radiointeractivo.com.mx\/?p=9039","title":{"rendered":"ESTUDIANTES DE CASA CLUB DEL ADULTO ACTIVO INVITAN AL BAZAR DE ARTE PARA COMPARTIR SUS CREACIONES"},"content":{"rendered":"\n<figure class=\"wp-block-image size-large\"><img loading=\"lazy\" decoding=\"async\" width=\"1024\" height=\"682\" src=\"https:\/\/www.radiointeractivo.com.mx\/wp-content\/uploads\/2024\/07\/WhatsApp-Image-2024-07-16-at-11.43.52-AM-1-1024x682.jpeg\" alt=\"\" class=\"wp-image-9040\" srcset=\"https:\/\/www.radiointeractivo.com.mx\/wp-content\/uploads\/2024\/07\/WhatsApp-Image-2024-07-16-at-11.43.52-AM-1-1024x682.jpeg 1024w, https:\/\/www.radiointeractivo.com.mx\/wp-content\/uploads\/2024\/07\/WhatsApp-Image-2024-07-16-at-11.43.52-AM-1-300x200.jpeg 300w, https:\/\/www.radiointeractivo.com.mx\/wp-content\/uploads\/2024\/07\/WhatsApp-Image-2024-07-16-at-11.43.52-AM-1-768x512.jpeg 768w, https:\/\/www.radiointeractivo.com.mx\/wp-content\/uploads\/2024\/07\/WhatsApp-Image-2024-07-16-at-11.43.52-AM-1-310x205.jpeg 310w, https:\/\/www.radiointeractivo.com.mx\/wp-content\/uploads\/2024\/07\/WhatsApp-Image-2024-07-16-at-11.43.52-AM-1.jpeg 1280w\" sizes=\"auto, (max-width: 1024px) 100vw, 1024px\" \/><\/figure>\n\n\n\n<p>Por: Staff | #NuevoLaredo #Laredo #NLD #Tamaulipas<\/p>\n\n\n\n<p>Inici\u00f3 con gran entusiasmo el Bazar de Arte de los estudiantes que reci\u00e9n culminaron los cursos de manualidades y de pintura en la Casa Club del Adulto Activo.<\/p>\n\n\n\n<p>Este evento especial se lleva a cabo en Laguna del Norte #5350, colonia Infonavit, y estar\u00e1 abierto al p\u00fablico de 8 de la ma\u00f1ana a 3 de la tarde hasta el viernes 19 de julio.<\/p>\n\n\n\n<p>Durante el bazar, los visitantes tendr\u00e1n la oportunidad de conocer y adquirir una variedad de art\u00edculos artesanales creados por los adultos activos. Desde pinturas y manualidades, cada compra apoya directamente a los artistas y tambi\u00e9n representa un significativo impulso econ\u00f3mico para ellos.<\/p>\n\n\n\n<p>Los alumnos que exponen y venden sus trabajos, recibieron certificados de culminaci\u00f3n del curso por parte del director general del Sistema DIF, Jos\u00e9 Luis Pintado, y el director de Arte y Cultura, Felipe Flores Montemayor, quienes expresaron su admiraci\u00f3n por el talento y dedicaci\u00f3n de los participantes.<\/p>\n\n\n\n<p>Este evento celebra el talento y la creatividad de nuestros estudiantes, adem\u00e1s promueve el arte local, fomentando la integraci\u00f3n comunitaria.<\/p>\n","protected":false},"excerpt":{"rendered":"<p>Por: Staff | #NuevoLaredo #Laredo #NLD #Tamaulipas Inici\u00f3 con gran entusiasmo el Bazar de Arte de los estudiantes que reci\u00e9n culminaron los cursos de manualidades y de pintura en la Casa Club del Adulto Activo. Este evento especial se lleva a cabo en Laguna del Norte #5350, colonia Infonavit, y estar\u00e1 abierto al p\u00fablico de &hellip;<\/p>\n","protected":false},"author":1,"featured_media":9041,"comment_status":"open","ping_status":"open","sticky":false,"template":"","format":"standard","meta":{"footnotes":""},"categories":[38],"tags":[],"class_list":["post-9039","post","type-post","status-publish","format-standard","has-post-thumbnail","","category-nuevo-laredo"],"_links":{"self":[{"href":"https:\/\/www.radiointeractivo.com.mx\/index.php?rest_route=\/wp\/v2\/posts\/9039","targetHints":{"allow":["GET"]}}],"collection":[{"href":"https:\/\/www.radiointeractivo.com.mx\/index.php?rest_route=\/wp\/v2\/posts"}],"about":[{"href":"https:\/\/www.radiointeractivo.com.mx\/index.php?rest_route=\/wp\/v2\/types\/post"}],"author":[{"embeddable":true,"href":"https:\/\/www.radiointeractivo.com.mx\/index.php?rest_route=\/wp\/v2\/users\/1"}],"replies":[{"embeddable":true,"href":"https:\/\/www.radiointeractivo.com.mx\/index.php?rest_route=%2Fwp%2Fv2%2Fcomments&post=9039"}],"version-history":[{"count":1,"href":"https:\/\/www.radiointeractivo.com.mx\/index.php?rest_route=\/wp\/v2\/posts\/9039\/revisions"}],"predecessor-version":[{"id":9042,"href":"https:\/\/www.radiointeractivo.com.mx\/index.php?rest_route=\/wp\/v2\/posts\/9039\/revisions\/9042"}],"wp:featuredmedia":[{"embeddable":true,"href":"https:\/\/www.radiointeractivo.com.mx\/index.php?rest_route=\/wp\/v2\/media\/9041"}],"wp:attachment":[{"href":"https:\/\/www.radiointeractivo.com.mx\/index.php?rest_route=%2Fwp%2Fv2%2Fmedia&parent=9039"}],"wp:term":[{"taxonomy":"category","embeddable":true,"href":"https:\/\/www.radiointeractivo.com.mx\/index.php?rest_route=%2Fwp%2Fv2%2Fcategories&post=9039"},{"taxonomy":"post_tag","embeddable":true,"href":"https:\/\/www.radiointeractivo.com.mx\/index.php?rest_route=%2Fwp%2Fv2%2Ftags&post=9039"}],"curies":[{"name":"wp","href":"https:\/\/api.w.org\/{rel}","templated":true}]}}