{"id":9035,"date":"2024-07-16T11:25:08","date_gmt":"2024-07-16T16:25:08","guid":{"rendered":"https:\/\/www.radiointeractivo.com.mx\/?p=9035"},"modified":"2024-07-16T11:25:09","modified_gmt":"2024-07-16T16:25:09","slug":"inician-adolescentes-divertido-campamento-de-ciencia-y-tecnologia","status":"publish","type":"post","link":"https:\/\/www.radiointeractivo.com.mx\/?p=9035","title":{"rendered":"INICIAN ADOLESCENTES DIVERTIDO CAMPAMENTO DE CIENCIA Y TECNOLOG\u00cdA"},"content":{"rendered":"\n<figure class=\"wp-block-image size-large\"><img loading=\"lazy\" decoding=\"async\" width=\"1024\" height=\"682\" src=\"https:\/\/www.radiointeractivo.com.mx\/wp-content\/uploads\/2024\/07\/WhatsApp-Image-2024-07-16-at-10.44.01-AM-1-1024x682.jpeg\" alt=\"\" class=\"wp-image-9036\" srcset=\"https:\/\/www.radiointeractivo.com.mx\/wp-content\/uploads\/2024\/07\/WhatsApp-Image-2024-07-16-at-10.44.01-AM-1-1024x682.jpeg 1024w, https:\/\/www.radiointeractivo.com.mx\/wp-content\/uploads\/2024\/07\/WhatsApp-Image-2024-07-16-at-10.44.01-AM-1-300x200.jpeg 300w, https:\/\/www.radiointeractivo.com.mx\/wp-content\/uploads\/2024\/07\/WhatsApp-Image-2024-07-16-at-10.44.01-AM-1-768x512.jpeg 768w, https:\/\/www.radiointeractivo.com.mx\/wp-content\/uploads\/2024\/07\/WhatsApp-Image-2024-07-16-at-10.44.01-AM-1-1536x1023.jpeg 1536w, https:\/\/www.radiointeractivo.com.mx\/wp-content\/uploads\/2024\/07\/WhatsApp-Image-2024-07-16-at-10.44.01-AM-1-310x205.jpeg 310w, https:\/\/www.radiointeractivo.com.mx\/wp-content\/uploads\/2024\/07\/WhatsApp-Image-2024-07-16-at-10.44.01-AM-1.jpeg 1600w\" sizes=\"auto, (max-width: 1024px) 100vw, 1024px\" \/><\/figure>\n\n\n\n<p>Por: Staff | #NuevoLaredo #Laredo #NLD #Tamaulipas<\/p>\n\n\n\n<p>Un total de 50 adolescentes de primero y segundo de secundaria iniciaron el \u201cCampamento CIST Kids\u201d en el que reforzar\u00e1n su aprendizaje en materias de matem\u00e1ticas, f\u00edsica, qu\u00edmica y rob\u00f3tica.<\/p>\n\n\n\n<p>Fue en el auditorio de Estaci\u00f3n Palabra \u201cGabriel Garc\u00eda Marquez\u201d donde dio inicio el primer d\u00eda en el que los asistentes se conocieron e integraron para dar paso a las diferentes actividades.<\/p>\n\n\n\n<p>\u201cEstaremos viendo disciplinas con las que ellos est\u00e1n relacionados, queremos que tambi\u00e9n desarrollen su creatividad y que socialicen e interact\u00faen entre ellos, agradecemos mucho a la ciudadan\u00eda por la gran respuesta que tuvimos\u201d, dijo Cristina Machado, coordinadora del Centro de Innovaci\u00f3n.<\/p>\n\n\n\n<p>Cada d\u00eda se expondr\u00e1 un tema diferente impartidos por personas especializadas en cada materia adem\u00e1s que el material que est\u00e9n utilizando ser\u00e1 proporcionado por los organizadores de manera gratuita.<\/p>\n\n\n\n<p>\u201cSer\u00e1n actividades muy divertidas y din\u00e1micas para que nuestros j\u00f3venes tengan toda la atenci\u00f3n, estamos seguros que no se van a arrepentir de acudir porque van a aprender mucho\u201d, dijo la funcionaria municipal.<\/p>\n\n\n\n<p>Por \u00faltimo dijo que el campamento finalizar\u00e1 este viernes 19 de julio en el que los adolescentes expondr\u00e1n los trabajos que hayan realizado durante la semana.<\/p>\n","protected":false},"excerpt":{"rendered":"<p>Por: Staff | #NuevoLaredo #Laredo #NLD #Tamaulipas Un total de 50 adolescentes de primero y segundo de secundaria iniciaron el \u201cCampamento CIST Kids\u201d en el que reforzar\u00e1n su aprendizaje en materias de matem\u00e1ticas, f\u00edsica, qu\u00edmica y rob\u00f3tica. Fue en el auditorio de Estaci\u00f3n Palabra \u201cGabriel Garc\u00eda Marquez\u201d donde dio inicio el primer d\u00eda en el &hellip;<\/p>\n","protected":false},"author":1,"featured_media":9037,"comment_status":"open","ping_status":"open","sticky":false,"template":"","format":"standard","meta":{"footnotes":""},"categories":[38],"tags":[],"class_list":["post-9035","post","type-post","status-publish","format-standard","has-post-thumbnail","","category-nuevo-laredo"],"_links":{"self":[{"href":"https:\/\/www.radiointeractivo.com.mx\/index.php?rest_route=\/wp\/v2\/posts\/9035","targetHints":{"allow":["GET"]}}],"collection":[{"href":"https:\/\/www.radiointeractivo.com.mx\/index.php?rest_route=\/wp\/v2\/posts"}],"about":[{"href":"https:\/\/www.radiointeractivo.com.mx\/index.php?rest_route=\/wp\/v2\/types\/post"}],"author":[{"embeddable":true,"href":"https:\/\/www.radiointeractivo.com.mx\/index.php?rest_route=\/wp\/v2\/users\/1"}],"replies":[{"embeddable":true,"href":"https:\/\/www.radiointeractivo.com.mx\/index.php?rest_route=%2Fwp%2Fv2%2Fcomments&post=9035"}],"version-history":[{"count":1,"href":"https:\/\/www.radiointeractivo.com.mx\/index.php?rest_route=\/wp\/v2\/posts\/9035\/revisions"}],"predecessor-version":[{"id":9038,"href":"https:\/\/www.radiointeractivo.com.mx\/index.php?rest_route=\/wp\/v2\/posts\/9035\/revisions\/9038"}],"wp:featuredmedia":[{"embeddable":true,"href":"https:\/\/www.radiointeractivo.com.mx\/index.php?rest_route=\/wp\/v2\/media\/9037"}],"wp:attachment":[{"href":"https:\/\/www.radiointeractivo.com.mx\/index.php?rest_route=%2Fwp%2Fv2%2Fmedia&parent=9035"}],"wp:term":[{"taxonomy":"category","embeddable":true,"href":"https:\/\/www.radiointeractivo.com.mx\/index.php?rest_route=%2Fwp%2Fv2%2Fcategories&post=9035"},{"taxonomy":"post_tag","embeddable":true,"href":"https:\/\/www.radiointeractivo.com.mx\/index.php?rest_route=%2Fwp%2Fv2%2Ftags&post=9035"}],"curies":[{"name":"wp","href":"https:\/\/api.w.org\/{rel}","templated":true}]}}