{"id":903,"date":"2023-09-01T19:44:39","date_gmt":"2023-09-01T19:44:39","guid":{"rendered":"https:\/\/www.radiointeractivo.com.mx\/?p=903"},"modified":"2023-09-01T19:44:40","modified_gmt":"2023-09-01T19:44:40","slug":"da-bienvenida-educacion-de-tamaulipas-a-88-nuevos-docentes-para-el-ciclo-escolar-2023-2024","status":"publish","type":"post","link":"https:\/\/www.radiointeractivo.com.mx\/?p=903","title":{"rendered":"Da bienvenida Educaci\u00f3n de Tamaulipas a 88 nuevos docentes para el ciclo escolar 2023-2024"},"content":{"rendered":"\n<p>-Con el apoyo del gobernador Am\u00e9rico Villarreal, se trabaja para consolidar la transformaci\u00f3n del sector educativo y ofrecer una educaci\u00f3n universal, gratuita y equitativa<\/p>\n\n\n\n<p>Por: Agencias<\/p>\n\n\n\n<p>Ciudad Victoria, Tamaulipas. &#8211; Para seguir fortaleciendo la transformaci\u00f3n del sector educativo en Tamaulipas y que ninguna ni\u00f1a, ni\u00f1o o adolescente se quede sin el derecho a una educaci\u00f3n gratuita, la Secretar\u00eda de Educaci\u00f3n de Tamaulipas (SET) hizo entrega de 88 nuevos nombramientos de admisi\u00f3n a maestras y maestros de Educaci\u00f3n B\u00e1sica.<\/p>\n\n\n\n<p>En el marco de las actividades del inicio del ciclo escolar 2023-2024 de Educaci\u00f3n B\u00e1sica y reafirmando el compromiso del gobernador Am\u00e9rico Villarreal Anaya para el sector educativo, la secretaria de Educaci\u00f3n, Luc\u00eda Aim\u00e9 Castillo Pastor, les dio la bienvenida a las y los nuevos docentes de nivel preescolar, primaria, educaci\u00f3n especial y telesecundaria.<\/p>\n\n\n\n<p>\u201cSepan que cuentan con la Secretar\u00eda para acompa\u00f1ar su labor, para que la hagan mejor con programas de capacitaci\u00f3n y actualizaci\u00f3n y para que cuenten con el apoyo socioemocional que les permita ejercer su labor con dignidad y de manera integral\u201d, dijo Castillo Pastor.<\/p>\n\n\n\n<p>La titular de la SET exhort\u00f3 a trabajar de manera responsable, con amor y atenci\u00f3n para sus alumnas y alumnos, porque a partir del lunes 28 de agosto ser\u00e1n los transformadores de vida de decenas de ni\u00f1as, ni\u00f1os y adolescentes.<\/p>\n\n\n\n<p>Agreg\u00f3 que la Educaci\u00f3n B\u00e1sica presenta retos, pero a trav\u00e9s de la Nueva Escuela Mexicana, se busca una equidad para lograr un cambio en las aulas de clase, en donde las y los docentes juegan un papel muy importante, a trav\u00e9s de su mediaci\u00f3n que acompa\u00f1ar\u00e1 el aprendizaje de sus estudiantes, por lo que se requiere que est\u00e9n comprometidos y preparados para afrontar los nuevos retos que se aproximan.<\/p>\n\n\n\n<p>\u201cTenemos un compromiso con el gobernador Am\u00e9rico Villarreal Anaya y con el pueblo de Tamaulipas: generar acciones honestas, eficientes y eficaces para lograr una educaci\u00f3n de excelencia que transforme vidas. Para no dejar a nadie atr\u00e1s y no dejar a nadie afuera\u201d.<\/p>\n\n\n\n<p>Por \u00faltimo, afirm\u00f3 que la Nueva Escuela Mexicana restituye el valor y car\u00e1cter decisivos de maestras y maestros, al reconocer su autonom\u00eda profesional, la cual les permite ejercer y reinventar la docencia en el encuentro con la diversidad y la complejidad de sus estudiantes.<\/p>\n\n\n\n<p>Cabe mencionar que de octubre 2022 a mayo 2023, a trav\u00e9s de la Unidad del Sistema para la Carrera de las Maestras y Maestros (USICAMM), se asignaron 449 plazas definitivas y una temporal. Mientras que en el proceso de Promoci\u00f3n Vertical 94 horas adicionales y 289 asignaciones, con la finalidad de cubrir la demanda educativa de Educaci\u00f3n B\u00e1sica en Tamaulipas.<\/p>\n","protected":false},"excerpt":{"rendered":"<p>-Con el apoyo del gobernador Am\u00e9rico Villarreal, se trabaja para consolidar la transformaci\u00f3n del sector educativo y ofrecer una educaci\u00f3n universal, gratuita y equitativa Por: Agencias Ciudad Victoria, Tamaulipas. &#8211; Para seguir fortaleciendo la transformaci\u00f3n del sector educativo en Tamaulipas y que ninguna ni\u00f1a, ni\u00f1o o adolescente se quede sin el derecho a una educaci\u00f3n &hellip;<\/p>\n","protected":false},"author":1,"featured_media":904,"comment_status":"open","ping_status":"open","sticky":false,"template":"","format":"standard","meta":{"footnotes":""},"categories":[39],"tags":[],"class_list":["post-903","post","type-post","status-publish","format-standard","has-post-thumbnail","","category-tamaulipas"],"_links":{"self":[{"href":"https:\/\/www.radiointeractivo.com.mx\/index.php?rest_route=\/wp\/v2\/posts\/903","targetHints":{"allow":["GET"]}}],"collection":[{"href":"https:\/\/www.radiointeractivo.com.mx\/index.php?rest_route=\/wp\/v2\/posts"}],"about":[{"href":"https:\/\/www.radiointeractivo.com.mx\/index.php?rest_route=\/wp\/v2\/types\/post"}],"author":[{"embeddable":true,"href":"https:\/\/www.radiointeractivo.com.mx\/index.php?rest_route=\/wp\/v2\/users\/1"}],"replies":[{"embeddable":true,"href":"https:\/\/www.radiointeractivo.com.mx\/index.php?rest_route=%2Fwp%2Fv2%2Fcomments&post=903"}],"version-history":[{"count":1,"href":"https:\/\/www.radiointeractivo.com.mx\/index.php?rest_route=\/wp\/v2\/posts\/903\/revisions"}],"predecessor-version":[{"id":905,"href":"https:\/\/www.radiointeractivo.com.mx\/index.php?rest_route=\/wp\/v2\/posts\/903\/revisions\/905"}],"wp:featuredmedia":[{"embeddable":true,"href":"https:\/\/www.radiointeractivo.com.mx\/index.php?rest_route=\/wp\/v2\/media\/904"}],"wp:attachment":[{"href":"https:\/\/www.radiointeractivo.com.mx\/index.php?rest_route=%2Fwp%2Fv2%2Fmedia&parent=903"}],"wp:term":[{"taxonomy":"category","embeddable":true,"href":"https:\/\/www.radiointeractivo.com.mx\/index.php?rest_route=%2Fwp%2Fv2%2Fcategories&post=903"},{"taxonomy":"post_tag","embeddable":true,"href":"https:\/\/www.radiointeractivo.com.mx\/index.php?rest_route=%2Fwp%2Fv2%2Ftags&post=903"}],"curies":[{"name":"wp","href":"https:\/\/api.w.org\/{rel}","templated":true}]}}