{"id":9025,"date":"2024-07-15T15:01:32","date_gmt":"2024-07-15T20:01:32","guid":{"rendered":"https:\/\/www.radiointeractivo.com.mx\/?p=9025"},"modified":"2024-07-15T15:01:34","modified_gmt":"2024-07-15T20:01:34","slug":"presenta-imjuve-informe-de-actividades-en-beneficio-de-los-jovenes-neolaredenses","status":"publish","type":"post","link":"https:\/\/www.radiointeractivo.com.mx\/?p=9025","title":{"rendered":"PRESENTA IMJUVE INFORME DE ACTIVIDADES EN BENEFICIO DE LOS J\u00d3VENES NEOLAREDENSES"},"content":{"rendered":"\n<figure class=\"wp-block-image size-large\"><img loading=\"lazy\" decoding=\"async\" width=\"1024\" height=\"768\" src=\"https:\/\/www.radiointeractivo.com.mx\/wp-content\/uploads\/2024\/07\/WhatsApp-Image-2024-07-15-at-2.01.19-PM-1024x768.jpeg\" alt=\"\" class=\"wp-image-9026\" srcset=\"https:\/\/www.radiointeractivo.com.mx\/wp-content\/uploads\/2024\/07\/WhatsApp-Image-2024-07-15-at-2.01.19-PM-1024x768.jpeg 1024w, https:\/\/www.radiointeractivo.com.mx\/wp-content\/uploads\/2024\/07\/WhatsApp-Image-2024-07-15-at-2.01.19-PM-300x225.jpeg 300w, https:\/\/www.radiointeractivo.com.mx\/wp-content\/uploads\/2024\/07\/WhatsApp-Image-2024-07-15-at-2.01.19-PM-768x576.jpeg 768w, https:\/\/www.radiointeractivo.com.mx\/wp-content\/uploads\/2024\/07\/WhatsApp-Image-2024-07-15-at-2.01.19-PM-1536x1152.jpeg 1536w, https:\/\/www.radiointeractivo.com.mx\/wp-content\/uploads\/2024\/07\/WhatsApp-Image-2024-07-15-at-2.01.19-PM.jpeg 1600w\" sizes=\"auto, (max-width: 1024px) 100vw, 1024px\" \/><\/figure>\n\n\n\n<p>Por: Staff | #NuevoLaredo #Laredo #NLD #Tamaulipas<\/p>\n\n\n\n<p>El Instituto Municipal para el Desarrollo de la Juventud (IMJUVE) present\u00f3 un informe trimestral de actividades en el que dieron a conocer los programas que brindaron a los j\u00f3venes de la ciudad.<\/p>\n\n\n\n<p>En una reuni\u00f3n de consejo se dio a conocer que durante los meses abril, mayo y junio reforzaron programas de educaci\u00f3n, desarrollo econ\u00f3mico, culturales, deportivas, tejido y participaci\u00f3n social y de salud.<\/p>\n\n\n\n<p>\u201cEstamos haciendo una gran labor en el que no nada m\u00e1s est\u00e1n los programas y servicios concentrados en el instituto sino que estamos por toda la ciudad llevando a cabo desde brigadas, campa\u00f1as de concientizaci\u00f3n, apoyo a emprendedores atenciones de salud\u201d, indic\u00f3 Jes\u00fas Espinoza Hern\u00e1ndez, director del IMJUVE.<\/p>\n\n\n\n<p>Dentro de ellos tambi\u00e9n hubo \u201cClase de Idiomas Laboratorio de Habilidades\u201d, por medio del cual se fortalecieron las oportunidades acad\u00e9micas y profesionales, as\u00ed como de desarrollo personal de las juventudes incrementando sus habilidades para manejar el idioma ingl\u00e9s.<\/p>\n\n\n\n<p>Espinoza Hern\u00e1ndez dijo que con el programa \u201cImpulso\u201d se mejoraron proyectos de negocios y\/o emprendimientos de las juventudes a trav\u00e9s de la capacitaci\u00f3n de manera coordinada con la secretar\u00eda de Desarrollo Econ\u00f3mico, y el acompa\u00f1amiento hasta el financiamiento.<\/p>\n\n\n\n<p>Para aumentar los niveles de reconocimiento y estimular las ganancias de los emprendedores se llev\u00f3 de manera itinerante el Bazar Joven a distintos lugares con diversas tem\u00e1ticas que generaron un gran inter\u00e9s entre la juventud.<\/p>\n\n\n\n<p>Tambi\u00e9n hubo eventos de integraci\u00f3n los cuales tuvieron una gran respuesta de parte de las juventudes pues se hicieron con diversas tem\u00e1ticas, para fomentar el sentido de pertenencia a un c\u00edrculo social, involucrarlos en diferentes actividades as\u00ed como impulsar el aprendizaje de nuevas habilidades de manera sana.<\/p>\n\n\n\n<p>Adem\u00e1s se brindaron terapias psicol\u00f3gicas en un espacio seguro y confidencial para que las personas puedan explorar y abordar sus problemas emocionales y mentales, de manera presencial, virtual o en l\u00ednea.<\/p>\n","protected":false},"excerpt":{"rendered":"<p>Por: Staff | #NuevoLaredo #Laredo #NLD #Tamaulipas El Instituto Municipal para el Desarrollo de la Juventud (IMJUVE) present\u00f3 un informe trimestral de actividades en el que dieron a conocer los programas que brindaron a los j\u00f3venes de la ciudad. En una reuni\u00f3n de consejo se dio a conocer que durante los meses abril, mayo y &hellip;<\/p>\n","protected":false},"author":1,"featured_media":9026,"comment_status":"open","ping_status":"open","sticky":false,"template":"","format":"standard","meta":{"footnotes":""},"categories":[38],"tags":[],"class_list":["post-9025","post","type-post","status-publish","format-standard","has-post-thumbnail","","category-nuevo-laredo"],"_links":{"self":[{"href":"https:\/\/www.radiointeractivo.com.mx\/index.php?rest_route=\/wp\/v2\/posts\/9025","targetHints":{"allow":["GET"]}}],"collection":[{"href":"https:\/\/www.radiointeractivo.com.mx\/index.php?rest_route=\/wp\/v2\/posts"}],"about":[{"href":"https:\/\/www.radiointeractivo.com.mx\/index.php?rest_route=\/wp\/v2\/types\/post"}],"author":[{"embeddable":true,"href":"https:\/\/www.radiointeractivo.com.mx\/index.php?rest_route=\/wp\/v2\/users\/1"}],"replies":[{"embeddable":true,"href":"https:\/\/www.radiointeractivo.com.mx\/index.php?rest_route=%2Fwp%2Fv2%2Fcomments&post=9025"}],"version-history":[{"count":1,"href":"https:\/\/www.radiointeractivo.com.mx\/index.php?rest_route=\/wp\/v2\/posts\/9025\/revisions"}],"predecessor-version":[{"id":9027,"href":"https:\/\/www.radiointeractivo.com.mx\/index.php?rest_route=\/wp\/v2\/posts\/9025\/revisions\/9027"}],"wp:featuredmedia":[{"embeddable":true,"href":"https:\/\/www.radiointeractivo.com.mx\/index.php?rest_route=\/wp\/v2\/media\/9026"}],"wp:attachment":[{"href":"https:\/\/www.radiointeractivo.com.mx\/index.php?rest_route=%2Fwp%2Fv2%2Fmedia&parent=9025"}],"wp:term":[{"taxonomy":"category","embeddable":true,"href":"https:\/\/www.radiointeractivo.com.mx\/index.php?rest_route=%2Fwp%2Fv2%2Fcategories&post=9025"},{"taxonomy":"post_tag","embeddable":true,"href":"https:\/\/www.radiointeractivo.com.mx\/index.php?rest_route=%2Fwp%2Fv2%2Ftags&post=9025"}],"curies":[{"name":"wp","href":"https:\/\/api.w.org\/{rel}","templated":true}]}}